{"id":891,"date":"2017-01-31T06:15:31","date_gmt":"2017-01-31T08:15:31","guid":{"rendered":"http:\/\/cfcontabil.com\/cf\/?p=891"},"modified":"2017-01-31T06:15:31","modified_gmt":"2017-01-31T08:15:31","slug":"lei-desobriga-salao-de-beleza-de-contratar-profissional-pela-clt","status":"publish","type":"post","link":"https:\/\/cfcontabil.com\/cf\/lei-desobriga-salao-de-beleza-de-contratar-profissional-pela-clt\/","title":{"rendered":"Lei desobriga sal\u00e3o de beleza de contratar profissional pela CLT"},"content":{"rendered":"<p style=\"text-align: justify;\">A <a class=\"external-link\" href=\"http:\/\/www.planalto.gov.br\/ccivil_03\/_ato2015-2018\/2016\/lei\/L13352.htm\">Lei 13.352\/2016<\/a> que entra em vigor nesta quinta-feira (26) permite que cabeleireiros, barbeiros, esteticistas, manicures, depiladores e maquiadores sejam empreendedores individuais.<\/p>\n<p style=\"text-align: justify;\">Assim, eles podem firmar contratos de parceria com sal\u00f5es de beleza, sem a caracteriza\u00e7\u00e3o de rela\u00e7\u00e3o de emprego ou assinatura da carteira de trabalho. A meta da Lei do Sal\u00e3o Parceiro, como ficou conhecida, \u00e9 regularizar uma pr\u00e1tica informal que j\u00e1 acontece com frequ\u00eancia no setor de beleza. A lei teve origem no <a class=\"external-link\" href=\"http:\/\/www25.senado.leg.br\/web\/atividade\/materias\/-\/materia\/123222\">PLC 133\/2<\/a><a class=\"external-link\" href=\"http:\/\/www25.senado.leg.br\/web\/atividade\/materias\/-\/materia\/123222\">015<\/a><a class=\"external-link\" href=\"http:\/\/www25.senado.leg.br\/web\/atividade\/materias\/-\/materia\/123222\">, de autoria do deputado Ricardo Izar (PP-SP).<\/a><\/p>\n<p style=\"text-align: justify;\"><!--more--><\/p>\n<p style=\"text-align: justify;\">A reportagem \u00e9 de Marcela Diniz, da <a class=\"external-link\" href=\"http:\/\/www12.senado.leg.br\/radio\">R\u00e1dio Senado<\/a><a class=\"external-link\" href=\"http:\/\/www25.senado.leg.br\/web\/atividade\/materias\/-\/materia\/123222\">.<\/a><\/p>\n<p style=\"text-align: right;\">Fonte: Ag\u00eanciaSenado<\/p>\n","protected":false},"excerpt":{"rendered":"<p>A Lei 13.352\/2016 que entra em vigor nesta quinta-feira (26) permite que cabeleireiros, barbeiros, esteticistas, manicures, depiladores e maquiadores sejam empreendedores individuais. Assim, eles podem firmar contratos de parceria com sal\u00f5es de beleza, sem a caracteriza\u00e7\u00e3o de rela\u00e7\u00e3o de emprego ou assinatura da carteira de trabalho. A meta da Lei do Sal\u00e3o Parceiro, como ficou [&hellip;]<\/p>\n","protected":false},"author":3,"featured_media":892,"comment_status":"open","ping_status":"open","sticky":false,"template":"","format":"standard","meta":{"jetpack_post_was_ever_published":false,"_jetpack_newsletter_access":"","_jetpack_dont_email_post_to_subs":false,"_jetpack_newsletter_tier_id":0,"_jetpack_memberships_contains_paywalled_content":false,"_jetpack_memberships_contains_paid_content":false,"footnotes":"","jetpack_publicize_message":"Lei desobriga sal\u00e3o de beleza de contratar profissional pela CLT","jetpack_publicize_feature_enabled":true,"jetpack_social_post_already_shared":true,"jetpack_social_options":{"image_generator_settings":{"template":"highway","default_image_id":0,"font":"","enabled":false},"version":2}},"categories":[29],"tags":[344,345,342,346],"class_list":["post-891","post","type-post","status-publish","format-standard","has-post-thumbnail","hentry","category-dp","tag-beleza","tag-clt","tag-lei","tag-salao"],"jetpack_publicize_connections":[],"jetpack_featured_media_url":"https:\/\/i0.wp.com\/cfcontabil.com\/cf\/wp-content\/uploads\/2017\/01\/clt-1.jpg?fit=590%2C330&ssl=1","jetpack_sharing_enabled":true,"jetpack_shortlink":"https:\/\/wp.me\/p2wklX-en","jetpack-related-posts":[{"id":1122,"url":"https:\/\/cfcontabil.com\/cf\/tributacao-dos-saloes-de-beleza-no-simples-nacional\/","url_meta":{"origin":891,"position":0},"title":"Tributa\u00e7\u00e3o dos sal\u00f5es de beleza no Simples Nacional","author":"Ab\u00edlio Gon\u00e7alves","date":"13 de abril de 2017","format":false,"excerpt":"Tendo em vista a publica\u00e7\u00e3o da Lei Complementar n\u00b0 155 e da Lei n\u00b0 13.352, ambas de 27 de outubro de 2016, estipulando regras sobre o c\u00f4mputo da receita bruta dos sal\u00f5es de beleza, esclarecemos que, no \u00e2mbito do Simples Nacional, essas regras ter\u00e3o validade a partir de 1\u00b0 de\u2026","rel":"","context":"Em &quot;Consultoria Empresarial&quot;","block_context":{"text":"Consultoria Empresarial","link":"https:\/\/cfcontabil.com\/cf\/category\/consultoria\/"},"img":{"alt_text":"","src":"https:\/\/i0.wp.com\/cfcontabil.com\/cf\/wp-content\/uploads\/2017\/01\/simples-1.jpg?fit=520%2C271&ssl=1&resize=350%2C200","width":350,"height":200},"classes":[]},{"id":1222,"url":"https:\/\/cfcontabil.com\/cf\/ministro-garante-que-modernizacao-da-clt-mantem-direitos-dos-trabalhadores\/","url_meta":{"origin":891,"position":1},"title":"Ministro garante que moderniza\u00e7\u00e3o da CLT mant\u00e9m direitos dos trabalhadores","author":"Ab\u00edlio Gon\u00e7alves","date":"24 de fevereiro de 2017","format":false,"excerpt":"O ministro do Trabalho, Ronaldo Nogueira, garantiu nesta quinta-feira (16) que a proposta de moderniza\u00e7\u00e3o das leis trabalhistas enviada pelo governo federal ao Congresso Nacional assegura os direitos dos trabalhadores. Durante audi\u00eancia da Comiss\u00e3o Especial da Reforma Trabalhista da C\u00e2mara dos Deputados, ele explicou aos parlamentares que o projeto n\u00e3o\u2026","rel":"","context":"Em &quot;Departamento Pessoal&quot;","block_context":{"text":"Departamento Pessoal","link":"https:\/\/cfcontabil.com\/cf\/category\/dp\/"},"img":{"alt_text":"","src":"https:\/\/i0.wp.com\/cfcontabil.com\/cf\/wp-content\/uploads\/2017\/02\/ctps-digital-1.jpg?fit=1200%2C627&ssl=1&resize=350%2C200","width":350,"height":200,"srcset":"https:\/\/i0.wp.com\/cfcontabil.com\/cf\/wp-content\/uploads\/2017\/02\/ctps-digital-1.jpg?fit=1200%2C627&ssl=1&resize=350%2C200 1x, https:\/\/i0.wp.com\/cfcontabil.com\/cf\/wp-content\/uploads\/2017\/02\/ctps-digital-1.jpg?fit=1200%2C627&ssl=1&resize=525%2C300 1.5x, https:\/\/i0.wp.com\/cfcontabil.com\/cf\/wp-content\/uploads\/2017\/02\/ctps-digital-1.jpg?fit=1200%2C627&ssl=1&resize=700%2C400 2x, https:\/\/i0.wp.com\/cfcontabil.com\/cf\/wp-content\/uploads\/2017\/02\/ctps-digital-1.jpg?fit=1200%2C627&ssl=1&resize=1050%2C600 3x"},"classes":[]},{"id":1084,"url":"https:\/\/cfcontabil.com\/cf\/ministro-reafirma-compromisso-com-trabalhadores-na-modernizacao-da-clt\/","url_meta":{"origin":891,"position":2},"title":"Ministro reafirma compromisso com trabalhadores na moderniza\u00e7\u00e3o da CLT","author":"Ab\u00edlio Gon\u00e7alves","date":"24 de mar\u00e7o de 2017","format":false,"excerpt":"Durante reuni\u00e3o de grupo de estudo formado com centrais sindicais, Ronaldo Nogueira garantiu que proposta do governo mant\u00e9m direitos e defendeu o fortalecimento dos sindicatos O ministro do Trabalho, Ronaldo Nogueira, assegurou aos l\u00edderes das principais centrais sindicais que a proposta de moderniza\u00e7\u00e3o da Consolida\u00e7\u00e3o das Leis Trabalhistas (CLT) n\u00e3o\u2026","rel":"","context":"Em &quot;Departamento Pessoal&quot;","block_context":{"text":"Departamento Pessoal","link":"https:\/\/cfcontabil.com\/cf\/category\/dp\/"},"img":{"alt_text":"","src":"https:\/\/i0.wp.com\/cfcontabil.com\/cf\/wp-content\/uploads\/2017\/02\/ctps-digital-1.jpg?fit=1200%2C627&ssl=1&resize=350%2C200","width":350,"height":200,"srcset":"https:\/\/i0.wp.com\/cfcontabil.com\/cf\/wp-content\/uploads\/2017\/02\/ctps-digital-1.jpg?fit=1200%2C627&ssl=1&resize=350%2C200 1x, https:\/\/i0.wp.com\/cfcontabil.com\/cf\/wp-content\/uploads\/2017\/02\/ctps-digital-1.jpg?fit=1200%2C627&ssl=1&resize=525%2C300 1.5x, https:\/\/i0.wp.com\/cfcontabil.com\/cf\/wp-content\/uploads\/2017\/02\/ctps-digital-1.jpg?fit=1200%2C627&ssl=1&resize=700%2C400 2x, https:\/\/i0.wp.com\/cfcontabil.com\/cf\/wp-content\/uploads\/2017\/02\/ctps-digital-1.jpg?fit=1200%2C627&ssl=1&resize=1050%2C600 3x"},"classes":[]},{"id":1886,"url":"https:\/\/cfcontabil.com\/cf\/excluido-da-mp-da-liberdade-economica-trabalho-aos-domingos-volta\/","url_meta":{"origin":891,"position":3},"title":"Exclu\u00eddo da MP da Liberdade Econ\u00f4mica, trabalho aos domingos volta","author":"Ab\u00edlio Gon\u00e7alves","date":"12 de novembro de 2019","format":false,"excerpt":"O governo aproveitou a medida provis\u00f3ria que cria o programa Verde Amarelo para incluir pontos que chegaram a constar na tramita\u00e7\u00e3o da medida da Liberdade Econ\u00f4mica, mas acabaram caindo na tramita\u00e7\u00e3o no Congresso Nacional. Um dos pontos \u00e9 a autoriza\u00e7\u00e3o para trabalhos aos domingos. A MP inclui a possibilidade na\u2026","rel":"","context":"Em &quot;Departamento Pessoal&quot;","block_context":{"text":"Departamento Pessoal","link":"https:\/\/cfcontabil.com\/cf\/category\/dp\/"},"img":{"alt_text":"","src":"https:\/\/i0.wp.com\/cfcontabil.com\/cf\/wp-content\/uploads\/2017\/01\/CTPStrabalho-1.jpg?fit=1200%2C781&ssl=1&resize=350%2C200","width":350,"height":200,"srcset":"https:\/\/i0.wp.com\/cfcontabil.com\/cf\/wp-content\/uploads\/2017\/01\/CTPStrabalho-1.jpg?fit=1200%2C781&ssl=1&resize=350%2C200 1x, https:\/\/i0.wp.com\/cfcontabil.com\/cf\/wp-content\/uploads\/2017\/01\/CTPStrabalho-1.jpg?fit=1200%2C781&ssl=1&resize=525%2C300 1.5x, https:\/\/i0.wp.com\/cfcontabil.com\/cf\/wp-content\/uploads\/2017\/01\/CTPStrabalho-1.jpg?fit=1200%2C781&ssl=1&resize=700%2C400 2x, https:\/\/i0.wp.com\/cfcontabil.com\/cf\/wp-content\/uploads\/2017\/01\/CTPStrabalho-1.jpg?fit=1200%2C781&ssl=1&resize=1050%2C600 3x"},"classes":[]},{"id":1265,"url":"https:\/\/cfcontabil.com\/cf\/reforma-trabalhista-como-era-e-como-ficara\/","url_meta":{"origin":891,"position":4},"title":"Reforma trabalhista: como era e como ficar\u00e1?","author":"Ab\u00edlio Gon\u00e7alves","date":"27 de julho de 2017","format":false,"excerpt":"Reforma trabalhista, uma das principais mudan\u00e7as ansiosamente aguardada por empres\u00e1rios e industriais, \u00a0foi\u00a0publicada no Di\u00e1rio Oficial da Uni\u00e3o, no dia\u00a014 de julho de 2017, sob forma de\u00a0Lei n\u00ba 13.467. Segundo o Executivo Nacional, as 100 mudan\u00e7as na Consolida\u00e7\u00e3o das Leis do Trabalho \u2013 CLT, que entrar\u00e3o em vigor em novembro\u2026","rel":"","context":"Em &quot;Departamento Pessoal&quot;","block_context":{"text":"Departamento Pessoal","link":"https:\/\/cfcontabil.com\/cf\/category\/dp\/"},"img":{"alt_text":"","src":"https:\/\/i0.wp.com\/cfcontabil.com\/cf\/wp-content\/uploads\/2017\/05\/carteira-de-trabalho-1.jpg?fit=590%2C302&ssl=1&resize=350%2C200","width":350,"height":200,"srcset":"https:\/\/i0.wp.com\/cfcontabil.com\/cf\/wp-content\/uploads\/2017\/05\/carteira-de-trabalho-1.jpg?fit=590%2C302&ssl=1&resize=350%2C200 1x, https:\/\/i0.wp.com\/cfcontabil.com\/cf\/wp-content\/uploads\/2017\/05\/carteira-de-trabalho-1.jpg?fit=590%2C302&ssl=1&resize=525%2C300 1.5x"},"classes":[]},{"id":2102,"url":"https:\/\/cfcontabil.com\/cf\/calculo-trabalhista-sabe-o-que-e\/","url_meta":{"origin":891,"position":5},"title":"C\u00e1lculo trabalhista: sabe o que \u00e9?","author":"Ab\u00edlio Gon\u00e7alves","date":"17 de fevereiro de 2020","format":false,"excerpt":"C\u00e1lculo trabalhista \u00e9 a conta que se refere aos valores que envolvem uma rescis\u00e3o de contrato de trabalho. Portanto, \u00e9 essencial que a empresa ou seu departamento de pessoal tenha conhecimento dos direitos do trabalhador para que todos os valores devidos sejam pagos corretamente. Reconhecer os tipos de c\u00e1lculos e\u2026","rel":"","context":"Em &quot;Departamento Pessoal&quot;","block_context":{"text":"Departamento Pessoal","link":"https:\/\/cfcontabil.com\/cf\/category\/dp\/"},"img":{"alt_text":"","src":"https:\/\/i0.wp.com\/cfcontabil.com\/cf\/wp-content\/uploads\/2020\/02\/calculos-trabalhistas.jpg?fit=900%2C450&ssl=1&resize=350%2C200","width":350,"height":200,"srcset":"https:\/\/i0.wp.com\/cfcontabil.com\/cf\/wp-content\/uploads\/2020\/02\/calculos-trabalhistas.jpg?fit=900%2C450&ssl=1&resize=350%2C200 1x, https:\/\/i0.wp.com\/cfcontabil.com\/cf\/wp-content\/uploads\/2020\/02\/calculos-trabalhistas.jpg?fit=900%2C450&ssl=1&resize=525%2C300 1.5x, https:\/\/i0.wp.com\/cfcontabil.com\/cf\/wp-content\/uploads\/2020\/02\/calculos-trabalhistas.jpg?fit=900%2C450&ssl=1&resize=700%2C400 2x"},"classes":[]}],"jetpack_likes_enabled":true,"_links":{"self":[{"href":"https:\/\/cfcontabil.com\/cf\/wp-json\/wp\/v2\/posts\/891","targetHints":{"allow":["GET"]}}],"collection":[{"href":"https:\/\/cfcontabil.com\/cf\/wp-json\/wp\/v2\/posts"}],"about":[{"href":"https:\/\/cfcontabil.com\/cf\/wp-json\/wp\/v2\/types\/post"}],"author":[{"embeddable":true,"href":"https:\/\/cfcontabil.com\/cf\/wp-json\/wp\/v2\/users\/3"}],"replies":[{"embeddable":true,"href":"https:\/\/cfcontabil.com\/cf\/wp-json\/wp\/v2\/comments?post=891"}],"version-history":[{"count":0,"href":"https:\/\/cfcontabil.com\/cf\/wp-json\/wp\/v2\/posts\/891\/revisions"}],"wp:featuredmedia":[{"embeddable":true,"href":"https:\/\/cfcontabil.com\/cf\/wp-json\/wp\/v2\/media\/892"}],"wp:attachment":[{"href":"https:\/\/cfcontabil.com\/cf\/wp-json\/wp\/v2\/media?parent=891"}],"wp:term":[{"taxonomy":"category","embeddable":true,"href":"https:\/\/cfcontabil.com\/cf\/wp-json\/wp\/v2\/categories?post=891"},{"taxonomy":"post_tag","embeddable":true,"href":"https:\/\/cfcontabil.com\/cf\/wp-json\/wp\/v2\/tags?post=891"}],"curies":[{"name":"wp","href":"https:\/\/api.w.org\/{rel}","templated":true}]}}