{"id":900,"date":"2017-01-27T08:00:08","date_gmt":"2017-01-27T10:00:08","guid":{"rendered":"http:\/\/cfcontabil.com\/cf\/?p=900"},"modified":"2017-01-27T08:00:08","modified_gmt":"2017-01-27T10:00:08","slug":"alterada-a-data-de-entrega-da-dirf-2017","status":"publish","type":"post","link":"https:\/\/cfcontabil.com\/cf\/alterada-a-data-de-entrega-da-dirf-2017\/","title":{"rendered":"Alterada a data de entrega da DIRF 2017"},"content":{"rendered":"<div class=\"divTituloAto\">\n<div class=\"left\"><strong>INSTRU\u00c7\u00c3O NORMATIVA <span title=\"Secretaria da Receita Federal do Brasil\">RFB<\/span> N\u00ba\u00a01686,\u00a0DE\u00a026 DE JANEIRO DE 2017<\/strong><\/div>\n<\/div>\n<p><span class=\"left cleft\">(Publicado(a) no DOU de 27\/01\/2017, se\u00e7\u00e3o 1, p\u00e1g. 24)\u00a0\u00a0<\/span><\/p>\n<div id=\"divTexto\">\n<p id=\"1692233\" class=\"ementa\">Altera a Instru\u00e7\u00e3o Normativa RFB n<span style=\"text-decoration: line-through;\">\u00ba<\/span> 1.671, de 22 de novembro de 2016, que disp\u00f5e sobre a Declara\u00e7\u00e3o do Imposto sobre a Renda Retido na Fonte relativa ao ano-calend\u00e1rio de 2016 e a situa\u00e7\u00f5es especiais ocorridas em 2017 (Dirf 2017) e o Programa Gerador da Dirf 2017 (PGD Dirf 2017).<\/p>\n<div class=\"divSegmentos nao identificad\">\n<p>O SECRET\u00c1RIO DA RECEITA FEDERAL DO BRASIL, no uso da atribui\u00e7\u00e3o que lhe confere o inciso III do art. 280 do Regimento Interno da Secretaria da Receita Federal do Brasil, aprovado pela Portaria MF n<span style=\"text-decoration: line-through;\">\u00ba<\/span> 203, de 14 de maio de 2012, e tendo em vista o disposto no art. 16 da Lei n<span style=\"text-decoration: line-through;\">\u00ba<\/span> 9.779, de 19 de janeiro de 1999,<\/p>\n<\/div>\n<div class=\"divSegmentos nao identificad\">\n<p>RESOLVE:<\/p>\n<\/div>\n<div class=\"divSegmentos artigo\">\n<p>Art. 1<span style=\"text-decoration: line-through;\">\u00ba<\/span> Aprova o Programa Gerador da Dirf 2017 (PGD Dirf 2017), disponibilizado pela Secretaria da Receita Federal do Brasil (RFB) em seu s\u00edtio na Internet, no endere\u00e7o http:\/\/rfb.gov.br.<\/p>\n<\/div>\n<div class=\"divSegmentos artigo\">\n<p>Art. 2<span style=\"text-decoration: line-through;\">\u00ba<\/span> O art. 9<span style=\"text-decoration: line-through;\">\u00ba<\/span> da Instru\u00e7\u00e3o Normativa RFB n<span style=\"text-decoration: line-through;\">\u00ba<\/span> 1.671, de 22 de novembro de 2016, passa a vigorar com a seguinte reda\u00e7\u00e3o:<\/p>\n<\/div>\n<div class=\"divSegmentos nao identificad\">\n<p>\u201cArt. 9<span style=\"text-decoration: line-through;\">\u00ba<\/span> A Dirf 2017, relativa ao ano-calend\u00e1rio de 2016, dever\u00e1 ser apresentada at\u00e9 as 23h59min59s (vinte e tr\u00eas horas, cinquenta e nove minutos e cinquenta e nove segundos), hor\u00e1rio de Bras\u00edlia, de <strong>27 de fevereiro de 2017<\/strong>.<\/p>\n<\/div>\n<div class=\"divSegmentos nao identificad\">\n<p>&#8230;&#8230;&#8230;&#8230;&#8230;&#8230;&#8230;&#8230;&#8230;&#8230;&#8230;&#8230;&#8230;&#8230;&#8230;&#8230;&#8230;&#8230;&#8230;&#8230;&#8230;&#8230;&#8230;&#8230;&#8230;&#8230;&#8230;.\u201d (NR)<\/p>\n<\/div>\n<div class=\"divSegmentos artigo\">\n<p>Art. 3<span style=\"text-decoration: line-through;\">\u00ba<\/span> Esta Instru\u00e7\u00e3o Normativa entra em vigor na data de sua publica\u00e7\u00e3o no Di\u00e1rio Oficial da Uni\u00e3o.<\/p>\n<\/div>\n<div class=\"divSegmentos fecho\">\n<p>JORGE ANTONIO DEHER RACHID<\/p>\n<\/div>\n<\/div>\n","protected":false},"excerpt":{"rendered":"<p>INSTRU\u00c7\u00c3O NORMATIVA RFB N\u00ba\u00a01686,\u00a0DE\u00a026 DE JANEIRO DE 2017 (Publicado(a) no DOU de 27\/01\/2017, se\u00e7\u00e3o 1, p\u00e1g. 24)\u00a0\u00a0 Altera a Instru\u00e7\u00e3o Normativa RFB n\u00ba 1.671, de 22 de novembro de 2016, que disp\u00f5e sobre a Declara\u00e7\u00e3o do Imposto sobre a Renda Retido na Fonte relativa ao ano-calend\u00e1rio de 2016 e a situa\u00e7\u00f5es especiais ocorridas em 2017 [&hellip;]<\/p>\n","protected":false},"author":3,"featured_media":895,"comment_status":"open","ping_status":"open","sticky":false,"template":"","format":"standard","meta":{"jetpack_post_was_ever_published":false,"_jetpack_newsletter_access":"","_jetpack_dont_email_post_to_subs":false,"_jetpack_newsletter_tier_id":0,"_jetpack_memberships_contains_paywalled_content":false,"_jetpack_memberships_contains_paid_content":false,"footnotes":"","jetpack_publicize_message":"","jetpack_publicize_feature_enabled":true,"jetpack_social_post_already_shared":true,"jetpack_social_options":{"image_generator_settings":{"template":"highway","default_image_id":0,"font":"","enabled":false},"version":2}},"categories":[29],"tags":[347,339,350,71,281,108,116,74,111],"class_list":["post-900","post","type-post","status-publish","format-standard","has-post-thumbnail","hentry","category-dp","tag-347","tag-dirf","tag-entrega","tag-federal","tag-fonte","tag-imposto","tag-prazo","tag-receita","tag-renda"],"jetpack_publicize_connections":[],"jetpack_featured_media_url":"https:\/\/i0.wp.com\/cfcontabil.com\/cf\/wp-content\/uploads\/2017\/01\/dirf-2017-tem-novo-prazo-de-entrega-1.png?fit=1200%2C627&ssl=1","jetpack_sharing_enabled":true,"jetpack_shortlink":"https:\/\/wp.me\/p2wklX-ew","jetpack-related-posts":[{"id":894,"url":"https:\/\/cfcontabil.com\/cf\/receita-federal-disponibiliza-o-programa-gerador-da-dirf-2017\/","url_meta":{"origin":900,"position":0},"title":"Receita Federal disponibiliza o Programa Gerador da DIRF 2017","author":"Ab\u00edlio Gon\u00e7alves","date":"27 de janeiro de 2017","format":false,"excerpt":"A Declara\u00e7\u00e3o do Imposto de Renda Retido na Fonte \u2013 DIRF \u2013 \u00e9 uma obriga\u00e7\u00e3o tribut\u00e1ria acess\u00f3ria devida por todas as pessoas jur\u00eddicas \u2013 independentemente da forma de tributa\u00e7\u00e3o perante o imposto de renda \u2013 da reten\u00e7\u00e3o do IRF - Imposto de Renda na Fonte. Aten\u00e7\u00e3o ao prazo de entrega\u2026","rel":"","context":"Em &quot;Departamento Pessoal&quot;","block_context":{"text":"Departamento Pessoal","link":"https:\/\/cfcontabil.com\/cf\/category\/dp\/"},"img":{"alt_text":"","src":"https:\/\/i0.wp.com\/cfcontabil.com\/cf\/wp-content\/uploads\/2017\/01\/dirf-2017-tem-novo-prazo-de-entrega-1.png?fit=1200%2C627&ssl=1&resize=350%2C200","width":350,"height":200,"srcset":"https:\/\/i0.wp.com\/cfcontabil.com\/cf\/wp-content\/uploads\/2017\/01\/dirf-2017-tem-novo-prazo-de-entrega-1.png?fit=1200%2C627&ssl=1&resize=350%2C200 1x, https:\/\/i0.wp.com\/cfcontabil.com\/cf\/wp-content\/uploads\/2017\/01\/dirf-2017-tem-novo-prazo-de-entrega-1.png?fit=1200%2C627&ssl=1&resize=525%2C300 1.5x, https:\/\/i0.wp.com\/cfcontabil.com\/cf\/wp-content\/uploads\/2017\/01\/dirf-2017-tem-novo-prazo-de-entrega-1.png?fit=1200%2C627&ssl=1&resize=700%2C400 2x, https:\/\/i0.wp.com\/cfcontabil.com\/cf\/wp-content\/uploads\/2017\/01\/dirf-2017-tem-novo-prazo-de-entrega-1.png?fit=1200%2C627&ssl=1&resize=1050%2C600 3x"},"classes":[]},{"id":1227,"url":"https:\/\/cfcontabil.com\/cf\/prazo-para-entrega-da-dirf-se-encerra-em-27-de-fevereiro\/","url_meta":{"origin":900,"position":1},"title":"Prazo para entrega da DIRF se encerra em 27 de fevereiro","author":"Ab\u00edlio Gon\u00e7alves","date":"23 de fevereiro de 2017","format":false,"excerpt":"Aten\u00e7\u00e3o: em alguns casos documento tem que ser entregue mesmo por quem n\u00e3o reteve IR O prazo para apresenta\u00e7\u00e3o da DIRF2017 se encerra as 23h59min59s, hor\u00e1rio de Bras\u00edlia, de 27 de fevereiro de 2017. A Receita Federal alerta que entre as hip\u00f3teses de obrigatoriedade de apresenta\u00e7\u00e3o da Declara\u00e7\u00e3o do Imposto\u2026","rel":"","context":"Em &quot;Departamento Pessoal&quot;","block_context":{"text":"Departamento Pessoal","link":"https:\/\/cfcontabil.com\/cf\/category\/dp\/"},"img":{"alt_text":"","src":"","width":0,"height":0},"classes":[]},{"id":1968,"url":"https:\/\/cfcontabil.com\/cf\/receita-federal-divulga-norma-sobre-a-declaracao-do-imposto-sobre-a-renda-retido-na-fonte-2020\/","url_meta":{"origin":900,"position":2},"title":"Receita Federal divulga norma sobre a Declara\u00e7\u00e3o do Imposto sobre a Renda Retido na Fonte 2020","author":"Ab\u00edlio Gon\u00e7alves","date":"29 de novembro de 2019","format":false,"excerpt":"Declara\u00e7\u00e3o dever\u00e1 ser apresentada at\u00e9 as 23h59min59s do dia 28 de fevereiro de 2020 Foi publicada hoje, no Di\u00e1rio Oficial da Uni\u00e3o, a\u00a0Instru\u00e7\u00e3o Normativa RFB n\u00ba 1.915, de 2019, que disp\u00f5e sobre a Declara\u00e7\u00e3o do Imposto sobre a Renda Retido na Fonte referente ao ano-calend\u00e1rio de 2019 \u2013 Dirf 2020.\u2026","rel":"","context":"Em &quot;Departamento Fiscal&quot;","block_context":{"text":"Departamento Fiscal","link":"https:\/\/cfcontabil.com\/cf\/category\/df\/"},"img":{"alt_text":"","src":"https:\/\/i0.wp.com\/cfcontabil.com\/cf\/wp-content\/uploads\/2019\/11\/dirf-imposto-renda-banner.png?fit=886%2C346&ssl=1&resize=350%2C200","width":350,"height":200,"srcset":"https:\/\/i0.wp.com\/cfcontabil.com\/cf\/wp-content\/uploads\/2019\/11\/dirf-imposto-renda-banner.png?fit=886%2C346&ssl=1&resize=350%2C200 1x, https:\/\/i0.wp.com\/cfcontabil.com\/cf\/wp-content\/uploads\/2019\/11\/dirf-imposto-renda-banner.png?fit=886%2C346&ssl=1&resize=525%2C300 1.5x, https:\/\/i0.wp.com\/cfcontabil.com\/cf\/wp-content\/uploads\/2019\/11\/dirf-imposto-renda-banner.png?fit=886%2C346&ssl=1&resize=700%2C400 2x"},"classes":[]},{"id":2108,"url":"https:\/\/cfcontabil.com\/cf\/dirf-sem-erros-prepare-se-para-a-entrega\/","url_meta":{"origin":900,"position":3},"title":"DIRF sem erros: prepare-se para a entrega","author":"Ab\u00edlio Gon\u00e7alves","date":"18 de fevereiro de 2020","format":false,"excerpt":"O prazo para entregar a DIRF referente ao ano-calend\u00e1rio 2019 \u00e9 dia 28 de fevereiro de 2020, a DIRF tem como objetivo informar os rendimentos pagos e\/ou reten\u00e7\u00f5es na fonte sob algumas circunst\u00e2ncias previstas na legisla\u00e7\u00e3o. O prazo para entregar a DIRF referente ao ano-calend\u00e1rio 2019 \u00e9 dia 28 de\u2026","rel":"","context":"Em &quot;Departamento Fiscal&quot;","block_context":{"text":"Departamento Fiscal","link":"https:\/\/cfcontabil.com\/cf\/category\/df\/"},"img":{"alt_text":"","src":"https:\/\/i0.wp.com\/cfcontabil.com\/cf\/wp-content\/uploads\/2019\/11\/dirf-imposto-renda.jpg?fit=609%2C503&ssl=1&resize=350%2C200","width":350,"height":200,"srcset":"https:\/\/i0.wp.com\/cfcontabil.com\/cf\/wp-content\/uploads\/2019\/11\/dirf-imposto-renda.jpg?fit=609%2C503&ssl=1&resize=350%2C200 1x, https:\/\/i0.wp.com\/cfcontabil.com\/cf\/wp-content\/uploads\/2019\/11\/dirf-imposto-renda.jpg?fit=609%2C503&ssl=1&resize=525%2C300 1.5x"},"classes":[]},{"id":1072,"url":"https:\/\/cfcontabil.com\/cf\/receita-federal-estabelece-a-obrigatoriedade-a-escrituracao-digital-de-retencoes-e-outras-informacoes-fiscais-efd-reinf\/","url_meta":{"origin":900,"position":4},"title":"Receita Federal estabelece a obrigatoriedade \u00e0 Escritura\u00e7\u00e3o Digital de Reten\u00e7\u00f5es e Outras Informa\u00e7\u00f5es Fiscais (EFD-Reinf)","author":"Ab\u00edlio Gon\u00e7alves","date":"17 de mar\u00e7o de 2017","format":false,"excerpt":"EFD-Reinf tem informa\u00e7\u00f5es prestadas na Dirf e na GFIP. Foi publicada hoje no Di\u00e1rio Ofical da Uni\u00e3o a IN RFB n\u00b0 1701 que estabelece a obrigatoriedade \u00e0 Escritura\u00e7\u00e3o Digital de Reten\u00e7\u00f5es e Outras Informa\u00e7\u00f5es Fiscais (EFD-Reinf). Com a institui\u00e7\u00e3o da EFD-Reinf, cuja obriga\u00e7\u00e3o de entrega dever\u00e1 ser cumprida a partir\u2026","rel":"","context":"Em &quot;Departamento Fiscal&quot;","block_context":{"text":"Departamento Fiscal","link":"https:\/\/cfcontabil.com\/cf\/category\/df\/"},"img":{"alt_text":"","src":"https:\/\/i0.wp.com\/cfcontabil.com\/cf\/wp-content\/uploads\/2017\/02\/receita-federal-1-1.png?fit=702%2C325&ssl=1&resize=350%2C200","width":350,"height":200,"srcset":"https:\/\/i0.wp.com\/cfcontabil.com\/cf\/wp-content\/uploads\/2017\/02\/receita-federal-1-1.png?fit=702%2C325&ssl=1&resize=350%2C200 1x, https:\/\/i0.wp.com\/cfcontabil.com\/cf\/wp-content\/uploads\/2017\/02\/receita-federal-1-1.png?fit=702%2C325&ssl=1&resize=525%2C300 1.5x, https:\/\/i0.wp.com\/cfcontabil.com\/cf\/wp-content\/uploads\/2017\/02\/receita-federal-1-1.png?fit=702%2C325&ssl=1&resize=700%2C400 2x"},"classes":[]},{"id":1171,"url":"https:\/\/cfcontabil.com\/cf\/entrega-da-dctf-inativa-prorrogada-para-julho-de-2017\/","url_meta":{"origin":900,"position":5},"title":"Entrega da DCTF Inativa prorrogada para Julho de 2017","author":"Ab\u00edlio Gon\u00e7alves","date":"24 de maio de 2017","format":false,"excerpt":"Confirmado a data de prorroga\u00e7\u00e3o da entrega da DCTF Inativa para dia 21 de Julho de 2017. Veja na \u00edntegra: SECRETARIA DA RECEITA FEDERAL DO BRASIL INSTRU\u00c7\u00c3O NORMATIVA N\u00ba 1.708, DE 22 DE MAIO DE 2017 D.O.U EM 23\/05\/2017 Altera a Instru\u00e7\u00e3o Normativa RFB n\u00ba 1.599, de 11 de dezembro\u2026","rel":"","context":"Em &quot;Departamento Fiscal&quot;","block_context":{"text":"Departamento Fiscal","link":"https:\/\/cfcontabil.com\/cf\/category\/df\/"},"img":{"alt_text":"","src":"https:\/\/i0.wp.com\/cfcontabil.com\/cf\/wp-content\/uploads\/2017\/02\/dctf-1.png?fit=800%2C500&ssl=1&resize=350%2C200","width":350,"height":200,"srcset":"https:\/\/i0.wp.com\/cfcontabil.com\/cf\/wp-content\/uploads\/2017\/02\/dctf-1.png?fit=800%2C500&ssl=1&resize=350%2C200 1x, https:\/\/i0.wp.com\/cfcontabil.com\/cf\/wp-content\/uploads\/2017\/02\/dctf-1.png?fit=800%2C500&ssl=1&resize=525%2C300 1.5x, https:\/\/i0.wp.com\/cfcontabil.com\/cf\/wp-content\/uploads\/2017\/02\/dctf-1.png?fit=800%2C500&ssl=1&resize=700%2C400 2x"},"classes":[]}],"jetpack_likes_enabled":true,"_links":{"self":[{"href":"https:\/\/cfcontabil.com\/cf\/wp-json\/wp\/v2\/posts\/900","targetHints":{"allow":["GET"]}}],"collection":[{"href":"https:\/\/cfcontabil.com\/cf\/wp-json\/wp\/v2\/posts"}],"about":[{"href":"https:\/\/cfcontabil.com\/cf\/wp-json\/wp\/v2\/types\/post"}],"author":[{"embeddable":true,"href":"https:\/\/cfcontabil.com\/cf\/wp-json\/wp\/v2\/users\/3"}],"replies":[{"embeddable":true,"href":"https:\/\/cfcontabil.com\/cf\/wp-json\/wp\/v2\/comments?post=900"}],"version-history":[{"count":0,"href":"https:\/\/cfcontabil.com\/cf\/wp-json\/wp\/v2\/posts\/900\/revisions"}],"wp:featuredmedia":[{"embeddable":true,"href":"https:\/\/cfcontabil.com\/cf\/wp-json\/wp\/v2\/media\/895"}],"wp:attachment":[{"href":"https:\/\/cfcontabil.com\/cf\/wp-json\/wp\/v2\/media?parent=900"}],"wp:term":[{"taxonomy":"category","embeddable":true,"href":"https:\/\/cfcontabil.com\/cf\/wp-json\/wp\/v2\/categories?post=900"},{"taxonomy":"post_tag","embeddable":true,"href":"https:\/\/cfcontabil.com\/cf\/wp-json\/wp\/v2\/tags?post=900"}],"curies":[{"name":"wp","href":"https:\/\/api.w.org\/{rel}","templated":true}]}}