{"id":902,"date":"2017-02-01T06:15:14","date_gmt":"2017-02-01T08:15:14","guid":{"rendered":"http:\/\/cfcontabil.com\/cf\/?p=902"},"modified":"2017-02-01T06:15:14","modified_gmt":"2017-02-01T08:15:14","slug":"ministerio-do-trabalho-lanca-plataforma-tecnologica-para-combate-a-fraudes","status":"publish","type":"post","link":"https:\/\/cfcontabil.com\/cf\/ministerio-do-trabalho-lanca-plataforma-tecnologica-para-combate-a-fraudes\/","title":{"rendered":"Minist\u00e9rio do Trabalho lan\u00e7a plataforma tecnol\u00f3gica para combate a fraudes"},"content":{"rendered":"<p style=\"text-align: justify;\">Sistema vai proporcionar economia de aproximadamente R$ 1,3 bilh\u00e3o em 2017, evitando pagamentos indevidos. Al\u00e9m disso, a previs\u00e3o \u00e9 que em 2018 o trabalhador n\u00e3o precise mais ir \u00e0s ag\u00eancias para solicitar o benef\u00edcio<\/p>\n<p>O combate \u00e0s fraudes no seguro-desemprego ganha uma nova arma. O Minist\u00e9rio do Trabalho (MTb) est\u00e1 operando uma plataforma tecnol\u00f3gica que vai ampliar a capacidade de identifica\u00e7\u00e3o de requerimentos suspeitos, para bloquear pagamentos indevidos. O sistema antifraude foi implantado em dezembro e, at\u00e9 esta quinta-feira (26), foram bloqueados quase R$ 45 milh\u00f5es em benef\u00edcios fraudulentos, em todo o Brasil. A estimativa \u00e9 a economia para os cofres p\u00fablicos de R$ 1,3 bilh\u00e3o em 2017.<\/p>\n<p style=\"text-align: justify;\"><!--more--><\/p>\n<p>A base para o rastreamento \u00e9 o CPF do trabalhador, o que tamb\u00e9m ajudar\u00e1 a reduzir problemas de duplicidade de matr\u00edcula no Programa de Inclus\u00e3o Social (PIS). &#8220;A ferramenta far\u00e1 integra\u00e7\u00e3o com todas as bases de dados do Minist\u00e9rio do Trabalho, Receita Federal, Caixa Econ\u00f4mica Federal, entre outras. Isso vai proporcionar mais precis\u00e3o e qualidade das informa\u00e7\u00f5es, possibilitando maior agilidade no combate a esse tipo de crime&#8221;, explica o ministro do Trabalho, Ronaldo Nogueira.<\/p>\n<p>O ministro lembra que as fraudes provocam a perda de recursos destinados a trabalhadores demitidos, que dependem do seguro-desemprego at\u00e9 voltarem ao mercado de trabalho. \u201cAt\u00e9 agora n\u00e3o havia nenhum tipo de ferramenta que analisasse, em tempo h\u00e1bil, os pagamentos indevidos relacionados a fraudes&#8221;, diz. Isso porque, quando se identificava um requerimento suspeito, n\u00e3o havia como impedir a libera\u00e7\u00e3o enquanto n\u00e3o se confirmasse a fraude. \u201cO seguro-desemprego existe desde 1986 e nunca se fez nada nesse porte\u201d, frisa o ministro. O investimento total ser\u00e1 de R$ 72 milh\u00f5es.<\/p>\n<p>Acesso ao benef\u00edcio &#8211; O ministro Ronaldo Nogueira informou ainda que a nova ferramenta ir\u00e1 possibilitar que, a partir de 2018, o trabalhador demitido sem justa causa tenha acesso ao seguro-desemprego sem precisar comparecer \u00e0s ag\u00eancias do Minist\u00e9rio do Trabalho. O empregador informar\u00e1 a demiss\u00e3o sem justa causa por meio do Caged, que passar\u00e1 a ser di\u00e1rio. A partir da\u00ed, a ferramenta analisar\u00e1 se esse empregado preenche os requisitos do seguro-desemprego. Em caso positivo, o trabalhador receber\u00e1 informa\u00e7\u00f5es via SMS, email e telefone sobre o andamento do processo de acesso ao benef\u00edcio, at\u00e9 o momento do saque.<\/p>\n<p>Trilhas de dados &#8211; Para implantar o sistema antifraudes, o Minist\u00e9rio do Trabalho reestruturou a Coordena\u00e7\u00e3o Geral de Inform\u00e1tica (CGI), adquirindo equipamentos e softwares que v\u00e3o permitir a an\u00e1lise e auditoria de um grande volume de dados de todo o Pa\u00eds. A plataforma faz o cruzamento das informa\u00e7\u00f5es, construindo \u201ctrilhas\u201d para a an\u00e1lise de amostras dos requerimentos de seguro-desemprego. Neste momento, est\u00e1 em opera\u00e7\u00e3o apenas uma \u201ctrilha\u201d de rastreamento, mas at\u00e9 julho deste ano, estar\u00e3o implantadas mais de 30, que permitir\u00e3o verificar um maior n\u00famero de fraudes.<\/p>\n<p>\u201cSer\u00e1 poss\u00edvel acompanhar todo o processo, desde o momento em que o trabalhador faz o requerimento, seguindo o tr\u00e1fego da informa\u00e7\u00e3o na Dataprev e no Minist\u00e9rio do Trabalho, at\u00e9 o pagamento do seguro-desemprego pela Caixa\u201d, explica Ronaldo Nogueira.<\/p>\n<p>As fraudes comprovadas s\u00e3o comunicadas \u00e0 Pol\u00edcia Federal. Quem tiver o seguro-desemprego bloqueado ser\u00e1 comunicado e dever\u00e1 procurar o Minist\u00e9rio do Trabalho, pois existem casos em que o pr\u00f3prio trabalhador n\u00e3o sabe que seus dados foram utilizados por fraudadores.<\/p>\n<p>Fonte: www.trabalho.gov.br<\/p>\n","protected":false},"excerpt":{"rendered":"<p>Sistema vai proporcionar economia de aproximadamente R$ 1,3 bilh\u00e3o em 2017, evitando pagamentos indevidos. Al\u00e9m disso, a previs\u00e3o \u00e9 que em 2018 o trabalhador n\u00e3o precise mais ir \u00e0s ag\u00eancias para solicitar o benef\u00edcio O combate \u00e0s fraudes no seguro-desemprego ganha uma nova arma. O Minist\u00e9rio do Trabalho (MTb) est\u00e1 operando uma plataforma tecnol\u00f3gica que [&hellip;]<\/p>\n","protected":false},"author":3,"featured_media":857,"comment_status":"open","ping_status":"open","sticky":false,"template":"","format":"standard","meta":{"jetpack_post_was_ever_published":false,"_jetpack_newsletter_access":"","_jetpack_dont_email_post_to_subs":false,"_jetpack_newsletter_tier_id":0,"_jetpack_memberships_contains_paywalled_content":false,"_jetpack_memberships_contains_paid_content":false,"footnotes":"","jetpack_publicize_message":"Minist\u00e9rio do Trabalho lan\u00e7a plataforma tecnol\u00f3gica para combate a fraudes","jetpack_publicize_feature_enabled":true,"jetpack_social_post_already_shared":true,"jetpack_social_options":{"image_generator_settings":{"template":"highway","default_image_id":0,"font":"","enabled":false},"version":2}},"categories":[29],"tags":[351,336,352,45],"class_list":["post-902","post","type-post","status-publish","format-standard","has-post-thumbnail","hentry","category-dp","tag-fraudes","tag-ministerio","tag-prevencao","tag-trabalho"],"jetpack_publicize_connections":[],"jetpack_featured_media_url":"https:\/\/i0.wp.com\/cfcontabil.com\/cf\/wp-content\/uploads\/2017\/01\/CTPStrabalho-1.jpg?fit=4600%2C2995&ssl=1","jetpack_sharing_enabled":true,"jetpack_shortlink":"https:\/\/wp.me\/p2wklX-ey","jetpack-related-posts":[{"id":856,"url":"https:\/\/cfcontabil.com\/cf\/tire-suas-duvidas-sobre-o-reajuste-do-seguro-desemprego\/","url_meta":{"origin":902,"position":0},"title":"Tire suas d\u00favidas sobre o reajuste do seguro-desemprego","author":"Ab\u00edlio Gon\u00e7alves","date":"25 de janeiro de 2017","format":false,"excerpt":"Benef\u00edcio do seguro-desemprego come\u00e7ou a ser pago com reajuste a partir de\u00a0ter\u00e7a-feira (17) O Minist\u00e9rio do Trabalho liberou o lote de pagamento do Seguro-Desemprego com o reajuste das parcelas. Os novos valores levam em conta o sal\u00e1rio m\u00ednimo a partir de 1\u00b0 de janeiro de 2017 e a varia\u00e7\u00e3o do\u2026","rel":"","context":"Em &quot;Departamento Pessoal&quot;","block_context":{"text":"Departamento Pessoal","link":"https:\/\/cfcontabil.com\/cf\/category\/dp\/"},"img":{"alt_text":"","src":"https:\/\/i0.wp.com\/cfcontabil.com\/cf\/wp-content\/uploads\/2017\/01\/CTPStrabalho-1.jpg?fit=1200%2C781&ssl=1&resize=350%2C200","width":350,"height":200,"srcset":"https:\/\/i0.wp.com\/cfcontabil.com\/cf\/wp-content\/uploads\/2017\/01\/CTPStrabalho-1.jpg?fit=1200%2C781&ssl=1&resize=350%2C200 1x, https:\/\/i0.wp.com\/cfcontabil.com\/cf\/wp-content\/uploads\/2017\/01\/CTPStrabalho-1.jpg?fit=1200%2C781&ssl=1&resize=525%2C300 1.5x, https:\/\/i0.wp.com\/cfcontabil.com\/cf\/wp-content\/uploads\/2017\/01\/CTPStrabalho-1.jpg?fit=1200%2C781&ssl=1&resize=700%2C400 2x, https:\/\/i0.wp.com\/cfcontabil.com\/cf\/wp-content\/uploads\/2017\/01\/CTPStrabalho-1.jpg?fit=1200%2C781&ssl=1&resize=1050%2C600 3x"},"classes":[]},{"id":2044,"url":"https:\/\/cfcontabil.com\/cf\/decreto-facilita-combate-a-fraude-em-abertura-de-empresas\/","url_meta":{"origin":902,"position":1},"title":"Decreto facilita combate \u00e0 fraude em abertura de empresas","author":"Ab\u00edlio Gon\u00e7alves","date":"6 de janeiro de 2020","format":false,"excerpt":"DESBUROCRATIZA\u00c7\u00c3O Novas regras simplificam a identifica\u00e7\u00e3o de falsifica\u00e7\u00f5es e melhora ambiente de neg\u00f3cios no pa\u00eds O\u00a0Decreto n\u00ba 10.173, de 16 de dezembro de 2019, tem o objetivo de simplificar a vida das pessoas que foram v\u00edtimas de falsifica\u00e7\u00f5es de documentos durante a abertura ou outros atos relacionados a empresas no\u2026","rel":"","context":"Em &quot;Geral&quot;","block_context":{"text":"Geral","link":"https:\/\/cfcontabil.com\/cf\/category\/geral\/"},"img":{"alt_text":"","src":"https:\/\/i0.wp.com\/cfcontabil.com\/cf\/wp-content\/uploads\/2020\/01\/desburocratizacao.jpg?fit=606%2C454&ssl=1&resize=350%2C200","width":350,"height":200,"srcset":"https:\/\/i0.wp.com\/cfcontabil.com\/cf\/wp-content\/uploads\/2020\/01\/desburocratizacao.jpg?fit=606%2C454&ssl=1&resize=350%2C200 1x, https:\/\/i0.wp.com\/cfcontabil.com\/cf\/wp-content\/uploads\/2020\/01\/desburocratizacao.jpg?fit=606%2C454&ssl=1&resize=525%2C300 1.5x"},"classes":[]},{"id":911,"url":"https:\/\/cfcontabil.com\/cf\/pispasep-4611-dos-trabalhadores-sacaram-o-abono-salarial-ano-base-2015\/","url_meta":{"origin":902,"position":2},"title":"PIS\/PASEP. 46,11% dos trabalhadores sacaram o Abono Salarial ano-base 2015","author":"Ab\u00edlio Gon\u00e7alves","date":"3 de fevereiro de 2017","format":false,"excerpt":"Pagamentos est\u00e3o sendo feitos conforme calend\u00e1rio estabelecido pelo Conselho Deliberativo do Fundo de Amparo ao Trabalhador (Codefat) Cerca de 11,2 milh\u00f5es de trabalhadores sacaram o Abono Salarial do PIS\/Pasep ano-base 2015, que come\u00e7ou a ser pago em julho do ano passado. Isso corresponde a 46,11% do total de pessoas com\u2026","rel":"","context":"Em &quot;Departamento Pessoal&quot;","block_context":{"text":"Departamento Pessoal","link":"https:\/\/cfcontabil.com\/cf\/category\/dp\/"},"img":{"alt_text":"","src":"https:\/\/i0.wp.com\/cfcontabil.com\/cf\/wp-content\/uploads\/2017\/01\/cartao_do_cidadao-1.png?fit=460%2C322&ssl=1&resize=350%2C200","width":350,"height":200},"classes":[]},{"id":2215,"url":"https:\/\/cfcontabil.com\/cf\/ponto-a-ponto-mp-936-2020-entenda-cortes-salariais-suspensoes-e-beneficio\/","url_meta":{"origin":902,"position":3},"title":"Ponto a ponto MP 936\/2020: Entenda cortes salariais, suspens\u00f5es e benef\u00edcio","author":"Ab\u00edlio Gon\u00e7alves","date":"2 de abril de 2020","format":false,"excerpt":"A MP 936\/2020 possibilita o corte salarial de at\u00e9 70%, suspens\u00e3o do contrato de trabalho e benef\u00edcio emergencial. Entenda ponto a ponto O Di\u00e1rio Oficial da Uni\u00e3o publicou nesta quarta-feira, 01, a MP 936\/2020 que institui o Programa Emergencial de Manuten\u00e7\u00e3o do Emprego e da Renda. Em suma, a norma\u2026","rel":"","context":"Em &quot;Departamento Pessoal&quot;","block_context":{"text":"Departamento Pessoal","link":"https:\/\/cfcontabil.com\/cf\/category\/dp\/"},"img":{"alt_text":"","src":"https:\/\/i0.wp.com\/cfcontabil.com\/cf\/wp-content\/uploads\/2020\/04\/emprego-4.jpg.pagespeed.ic_.4H7FnGacfP.jpg?fit=1086%2C652&ssl=1&resize=350%2C200","width":350,"height":200,"srcset":"https:\/\/i0.wp.com\/cfcontabil.com\/cf\/wp-content\/uploads\/2020\/04\/emprego-4.jpg.pagespeed.ic_.4H7FnGacfP.jpg?fit=1086%2C652&ssl=1&resize=350%2C200 1x, https:\/\/i0.wp.com\/cfcontabil.com\/cf\/wp-content\/uploads\/2020\/04\/emprego-4.jpg.pagespeed.ic_.4H7FnGacfP.jpg?fit=1086%2C652&ssl=1&resize=525%2C300 1.5x, https:\/\/i0.wp.com\/cfcontabil.com\/cf\/wp-content\/uploads\/2020\/04\/emprego-4.jpg.pagespeed.ic_.4H7FnGacfP.jpg?fit=1086%2C652&ssl=1&resize=700%2C400 2x, https:\/\/i0.wp.com\/cfcontabil.com\/cf\/wp-content\/uploads\/2020\/04\/emprego-4.jpg.pagespeed.ic_.4H7FnGacfP.jpg?fit=1086%2C652&ssl=1&resize=1050%2C600 3x"},"classes":[]},{"id":1930,"url":"https:\/\/cfcontabil.com\/cf\/mais-de-800-mil-brasileiros-optaram-por-saque-aniversario-do-fgts-para-2020\/","url_meta":{"origin":902,"position":4},"title":"Mais de 800 mil brasileiros optaram por saque anivers\u00e1rio do FGTS para 2020","author":"Ab\u00edlio Gon\u00e7alves","date":"20 de novembro de 2019","format":false,"excerpt":"No saque anivers\u00e1rio, o trabalhador pode retirar anualmente uma parcela do saldo da conta do FGTS, o que permitir\u00e1 uma renda extra opcional Mais de 823 mil pessoas j\u00e1 optaram pelo saque anivers\u00e1rio do Fundo de Garantia do Tempo de Servi\u00e7o (FGTS) para 2020, de acordo com o secret\u00e1rio de\u2026","rel":"","context":"Em &quot;Geral&quot;","block_context":{"text":"Geral","link":"https:\/\/cfcontabil.com\/cf\/category\/geral\/"},"img":{"alt_text":"","src":"https:\/\/i0.wp.com\/cfcontabil.com\/cf\/wp-content\/uploads\/2017\/03\/FGTS1-1.jpg?fit=1200%2C702&ssl=1&resize=350%2C200","width":350,"height":200,"srcset":"https:\/\/i0.wp.com\/cfcontabil.com\/cf\/wp-content\/uploads\/2017\/03\/FGTS1-1.jpg?fit=1200%2C702&ssl=1&resize=350%2C200 1x, https:\/\/i0.wp.com\/cfcontabil.com\/cf\/wp-content\/uploads\/2017\/03\/FGTS1-1.jpg?fit=1200%2C702&ssl=1&resize=525%2C300 1.5x, https:\/\/i0.wp.com\/cfcontabil.com\/cf\/wp-content\/uploads\/2017\/03\/FGTS1-1.jpg?fit=1200%2C702&ssl=1&resize=700%2C400 2x, https:\/\/i0.wp.com\/cfcontabil.com\/cf\/wp-content\/uploads\/2017\/03\/FGTS1-1.jpg?fit=1200%2C702&ssl=1&resize=1050%2C600 3x"},"classes":[]},{"id":2343,"url":"https:\/\/cfcontabil.com\/cf\/decreto-define-regras-para-pagamento-de-auxilio-emergencial-de-r-300\/","url_meta":{"origin":902,"position":5},"title":"Decreto define regras para pagamento de aux\u00edlio emergencial de R$ 300","author":"Ab\u00edlio Gon\u00e7alves","date":"18 de setembro de 2020","format":false,"excerpt":"A medida foi publicada no Di\u00e1rio Oficial As regras para a concess\u00e3o do aux\u00edlio emergencial residual de R$ 300 foram publicadas em edi\u00e7\u00e3o extra do\u00a0Di\u00e1rio Oficial da Uni\u00e3o\u00a0(DOU) dessa quarta-feira (16). O\u00a0Decreto\u00a0n\u00ba 10.488 regulamenta a Medida Provis\u00f3ria n\u00ba 1.000, de 2 de setembro de 2020, que concede o aux\u00edlio emergencial\u2026","rel":"","context":"Em &quot;Geral&quot;","block_context":{"text":"Geral","link":"https:\/\/cfcontabil.com\/cf\/category\/geral\/"},"img":{"alt_text":"","src":"https:\/\/i0.wp.com\/cfcontabil.com\/cf\/wp-content\/uploads\/2020\/09\/caixa_economica_federal0505202674.jpg?fit=1170%2C700&ssl=1&resize=350%2C200","width":350,"height":200,"srcset":"https:\/\/i0.wp.com\/cfcontabil.com\/cf\/wp-content\/uploads\/2020\/09\/caixa_economica_federal0505202674.jpg?fit=1170%2C700&ssl=1&resize=350%2C200 1x, https:\/\/i0.wp.com\/cfcontabil.com\/cf\/wp-content\/uploads\/2020\/09\/caixa_economica_federal0505202674.jpg?fit=1170%2C700&ssl=1&resize=525%2C300 1.5x, https:\/\/i0.wp.com\/cfcontabil.com\/cf\/wp-content\/uploads\/2020\/09\/caixa_economica_federal0505202674.jpg?fit=1170%2C700&ssl=1&resize=700%2C400 2x, https:\/\/i0.wp.com\/cfcontabil.com\/cf\/wp-content\/uploads\/2020\/09\/caixa_economica_federal0505202674.jpg?fit=1170%2C700&ssl=1&resize=1050%2C600 3x"},"classes":[]}],"jetpack_likes_enabled":true,"_links":{"self":[{"href":"https:\/\/cfcontabil.com\/cf\/wp-json\/wp\/v2\/posts\/902","targetHints":{"allow":["GET"]}}],"collection":[{"href":"https:\/\/cfcontabil.com\/cf\/wp-json\/wp\/v2\/posts"}],"about":[{"href":"https:\/\/cfcontabil.com\/cf\/wp-json\/wp\/v2\/types\/post"}],"author":[{"embeddable":true,"href":"https:\/\/cfcontabil.com\/cf\/wp-json\/wp\/v2\/users\/3"}],"replies":[{"embeddable":true,"href":"https:\/\/cfcontabil.com\/cf\/wp-json\/wp\/v2\/comments?post=902"}],"version-history":[{"count":0,"href":"https:\/\/cfcontabil.com\/cf\/wp-json\/wp\/v2\/posts\/902\/revisions"}],"wp:featuredmedia":[{"embeddable":true,"href":"https:\/\/cfcontabil.com\/cf\/wp-json\/wp\/v2\/media\/857"}],"wp:attachment":[{"href":"https:\/\/cfcontabil.com\/cf\/wp-json\/wp\/v2\/media?parent=902"}],"wp:term":[{"taxonomy":"category","embeddable":true,"href":"https:\/\/cfcontabil.com\/cf\/wp-json\/wp\/v2\/categories?post=902"},{"taxonomy":"post_tag","embeddable":true,"href":"https:\/\/cfcontabil.com\/cf\/wp-json\/wp\/v2\/tags?post=902"}],"curies":[{"name":"wp","href":"https:\/\/api.w.org\/{rel}","templated":true}]}}