{"id":908,"date":"2017-02-02T06:15:02","date_gmt":"2017-02-02T08:15:02","guid":{"rendered":"http:\/\/cfcontabil.com\/cf\/?p=908"},"modified":"2017-02-02T06:15:02","modified_gmt":"2017-02-02T08:15:02","slug":"proposta-cria-declaracao-fiscal-unica-para-organizacoes-sem-fins-lucrativos","status":"publish","type":"post","link":"https:\/\/cfcontabil.com\/cf\/proposta-cria-declaracao-fiscal-unica-para-organizacoes-sem-fins-lucrativos\/","title":{"rendered":"Proposta cria declara\u00e7\u00e3o fiscal \u00fanica para organiza\u00e7\u00f5es sem fins lucrativos"},"content":{"rendered":"<p style=\"text-align: justify;\">Para simplificar a presta\u00e7\u00e3o de contas das organiza\u00e7\u00f5es que atuam no terceiro setor, projeto que tramita no Senado cria uma declara\u00e7\u00e3o fiscal e socioecon\u00f4mica \u00fanica para essas pessoas jur\u00eddicas.<\/p>\n<p>O terceiro setor \u00e9 composto por empresas e entidades de direito privado, que contam com isen\u00e7\u00f5es tribut\u00e1rias por exercerem atividades de utilidade e interesse p\u00fablico. Entre elas est\u00e3o organiza\u00e7\u00f5es n\u00e3o-governamentais (ONGs), organiza\u00e7\u00f5es sociais (OSs) e institui\u00e7\u00f5es beneficentes e de voluntariado.<\/p>\n<p style=\"text-align: justify;\"><img data-recalc-dims=\"1\" fetchpriority=\"high\" decoding=\"async\" class=\"aligncenter size-full\" src=\"https:\/\/i0.wp.com\/www.guiaempreendedor.com\/wp-content\/uploads\/2014\/05\/post_tributacao_modelos.jpg?resize=864%2C403\" width=\"864\" height=\"403\" \/><\/p>\n<p style=\"text-align: justify;\"><!--more--><\/p>\n<p>De acordo com o PLS 534\/2015, essas organiza\u00e7\u00f5es dever\u00e3o apresentar, aos \u00f3rg\u00e3os de fiscaliza\u00e7\u00e3o fiscal e previdenci\u00e1ria, uma \u00fanica declara\u00e7\u00e3o contendo todas as informa\u00e7\u00f5es relevantes para essas \u00e1reas. Essa declara\u00e7\u00e3o constituir\u00e1 confiss\u00e3o de d\u00edvida e poder\u00e1 ser usada para para a exigir tributos e contribui\u00e7\u00f5es que n\u00e3o tenham sido recolhidos. Ela tamb\u00e9m dever\u00e1 conter, se for o caso, informa\u00e7\u00e3o de situa\u00e7\u00e3o de inatividade da pessoa jur\u00eddica em quest\u00e3o.<\/p>\n<p>Caso a declara\u00e7\u00e3o n\u00e3o seja entregue aos \u00f3rg\u00e3os competentes no prazo estipulado, a empresa poder\u00e1 ser multada em R$ 100,00. Caso as informa\u00e7\u00f5es estejam incompletas ou incorretas, ser\u00e1 cobrado o valor de R$ 20,00 para cada conjunto de 10 informa\u00e7\u00f5es a serem corrigidas. As multas poder\u00e3o ser reduzidas caso a declara\u00e7\u00e3o retificada seja apresentada a tempo.<\/p>\n<p>O autor do projeto de lei \u00e9 o senador Jos\u00e9 Medeiros (PSD-MT). Ele afirma que, apesar de estarem livres do do Imposto de Renda da Pessoa Jur\u00eddica (IRPJ) e da Contribui\u00e7\u00e3o Social sobre o Lucro L\u00edquido (CSLL), as empresas do \u201cterceiro setor\u201d ainda precisam manter documenta\u00e7\u00e3o cont\u00e1bil completa e prestar esclarecimentos peri\u00f3dicos sobre suas atividades.<\/p>\n<p>\u201cAs obriga\u00e7\u00f5es acess\u00f3rias persistem, tudo em benef\u00edcio da fiscaliza\u00e7\u00e3o, da transpar\u00eancia e do controle necess\u00e1rios ao bom funcionamento do sistema. Essas declara\u00e7\u00f5es s\u00e3o importantes para viabilizar o controle por parte das autoridades fiscais\u201d, afirma Medeiros em sua justificativa para o projeto.<\/p>\n<p>Uma vez que \u00e9 necess\u00e1rio seguir o caminho da simplifica\u00e7\u00e3o para esse setor, conclui o autor, a cria\u00e7\u00e3o de uma declara\u00e7\u00e3o \u00fanica \u00e9 uma sa\u00edda positiva.<\/p>\n<p>As empresas do terceiro setor s\u00e3o descritas como aquelas que possuem receita bruta anual inferior a R$ 600 mil, n\u00e3o distribuem dividendos ou bonifica\u00e7\u00f5es entre seus s\u00f3cios, diretores e empregados e aplicam o excedente de suas atividades integralmente na consecu\u00e7\u00e3o do seu objetivo social.<\/p>\n","protected":false},"excerpt":{"rendered":"<p>Para simplificar a presta\u00e7\u00e3o de contas das organiza\u00e7\u00f5es que atuam no terceiro setor, projeto que tramita no Senado cria uma declara\u00e7\u00e3o fiscal e socioecon\u00f4mica \u00fanica para essas pessoas jur\u00eddicas. O terceiro setor \u00e9 composto por empresas e entidades de direito privado, que contam com isen\u00e7\u00f5es tribut\u00e1rias por exercerem atividades de utilidade e interesse p\u00fablico. Entre [&hellip;]<\/p>\n","protected":false},"author":3,"featured_media":909,"comment_status":"open","ping_status":"open","sticky":false,"template":"","format":"standard","meta":{"jetpack_post_was_ever_published":false,"_jetpack_newsletter_access":"","_jetpack_dont_email_post_to_subs":false,"_jetpack_newsletter_tier_id":0,"_jetpack_memberships_contains_paywalled_content":false,"_jetpack_memberships_contains_paid_content":false,"footnotes":"","jetpack_publicize_message":"","jetpack_publicize_feature_enabled":true,"jetpack_social_post_already_shared":true,"jetpack_social_options":{"image_generator_settings":{"template":"highway","default_image_id":0,"font":"","enabled":false},"version":2}},"categories":[46],"tags":[355,356,106,357,195,358,359,360,361,98],"class_list":["post-908","post","type-post","status-publish","format-standard","has-post-thumbnail","hentry","category-df","tag-associacao","tag-beneficente","tag-declaracao","tag-fins","tag-fiscalizacao","tag-lucrativos","tag-ong","tag-oss","tag-setor","tag-terceiro"],"jetpack_publicize_connections":[],"jetpack_featured_media_url":"https:\/\/i0.wp.com\/cfcontabil.com\/cf\/wp-content\/uploads\/2017\/01\/associa%C3%A7%C3%A3o-1.jpg?fit=1200%2C380&ssl=1","jetpack_sharing_enabled":true,"jetpack_shortlink":"https:\/\/wp.me\/p2wklX-eE","jetpack-related-posts":[{"id":3045,"url":"https:\/\/cfcontabil.com\/cf\/a-importancia-da-contabilidade-no-terceiro-setor-sustentabilidade-e-transparencia-para-associacoes-e-ongs\/","url_meta":{"origin":908,"position":0},"title":"A Import\u00e2ncia da Contabilidade no Terceiro Setor: Sustentabilidade e Transpar\u00eancia para Associa\u00e7\u00f5es e ONGs","author":"Ab\u00edlio Gon\u00e7alves","date":"9 de dezembro de 2024","format":false,"excerpt":"A contabilidade no terceiro setor desempenha um papel crucial para garantir a integridade e a efici\u00eancia de organiza\u00e7\u00f5es sem fins lucrativos. Associa\u00e7\u00f5es e ONGs, que frequentemente dependem de doa\u00e7\u00f5es e parcerias, precisam de uma base cont\u00e1bil s\u00f3lida para gerenciar recursos, prestar contas e assegurar sua sustentabilidade. Vamos explorar os pilares\u2026","rel":"","context":"Em &quot;Geral&quot;","block_context":{"text":"Geral","link":"https:\/\/cfcontabil.com\/cf\/category\/geral\/"},"img":{"alt_text":"","src":"https:\/\/i0.wp.com\/cfcontabil.com\/cf\/wp-content\/uploads\/2024\/12\/DALL%C2%B7E-2024-12-09-11.02.42-3setor.webp?fit=1200%2C686&ssl=1&resize=350%2C200","width":350,"height":200,"srcset":"https:\/\/i0.wp.com\/cfcontabil.com\/cf\/wp-content\/uploads\/2024\/12\/DALL%C2%B7E-2024-12-09-11.02.42-3setor.webp?fit=1200%2C686&ssl=1&resize=350%2C200 1x, https:\/\/i0.wp.com\/cfcontabil.com\/cf\/wp-content\/uploads\/2024\/12\/DALL%C2%B7E-2024-12-09-11.02.42-3setor.webp?fit=1200%2C686&ssl=1&resize=525%2C300 1.5x, https:\/\/i0.wp.com\/cfcontabil.com\/cf\/wp-content\/uploads\/2024\/12\/DALL%C2%B7E-2024-12-09-11.02.42-3setor.webp?fit=1200%2C686&ssl=1&resize=700%2C400 2x, https:\/\/i0.wp.com\/cfcontabil.com\/cf\/wp-content\/uploads\/2024\/12\/DALL%C2%B7E-2024-12-09-11.02.42-3setor.webp?fit=1200%2C686&ssl=1&resize=1050%2C600 3x"},"classes":[]},{"id":1053,"url":"https:\/\/cfcontabil.com\/cf\/receita-federal-publica-orientacoes-sobre-a-doacao-de-recursos-para-os-fundos-beneficentes-na-dirpf-2017\/","url_meta":{"origin":908,"position":1},"title":"Receita Federal publica orienta\u00e7\u00f5es sobre a doa\u00e7\u00e3o de recursos para os fundos beneficentes na DIRPF 2017","author":"Ab\u00edlio Gon\u00e7alves","date":"13 de mar\u00e7o de 2017","format":false,"excerpt":"J\u00e1 est\u00e1 dispon\u00edvel um guia para orientar o cidad\u00e3o sobre a doa\u00e7\u00e3o de recursos na Declara\u00e7\u00e3o de Imposto de Renda 2017 e auxiliar na destina\u00e7\u00e3o de valores para os fundos dos Direitos da Crian\u00e7a e do Adolescente, Fundos do Idoso, Fundo Nacional de Cultura, Fundos de Financiamento da Ind\u00fastria Cinematogr\u00e1fica\u2026","rel":"","context":"Em &quot;Departamento Fiscal&quot;","block_context":{"text":"Departamento Fiscal","link":"https:\/\/cfcontabil.com\/cf\/category\/df\/"},"img":{"alt_text":"","src":"https:\/\/i0.wp.com\/cfcontabil.com\/cf\/wp-content\/uploads\/2017\/02\/irpfrfb-1.jpg?fit=640%2C340&ssl=1&resize=350%2C200","width":350,"height":200,"srcset":"https:\/\/i0.wp.com\/cfcontabil.com\/cf\/wp-content\/uploads\/2017\/02\/irpfrfb-1.jpg?fit=640%2C340&ssl=1&resize=350%2C200 1x, https:\/\/i0.wp.com\/cfcontabil.com\/cf\/wp-content\/uploads\/2017\/02\/irpfrfb-1.jpg?fit=640%2C340&ssl=1&resize=525%2C300 1.5x"},"classes":[]},{"id":1968,"url":"https:\/\/cfcontabil.com\/cf\/receita-federal-divulga-norma-sobre-a-declaracao-do-imposto-sobre-a-renda-retido-na-fonte-2020\/","url_meta":{"origin":908,"position":2},"title":"Receita Federal divulga norma sobre a Declara\u00e7\u00e3o do Imposto sobre a Renda Retido na Fonte 2020","author":"Ab\u00edlio Gon\u00e7alves","date":"29 de novembro de 2019","format":false,"excerpt":"Declara\u00e7\u00e3o dever\u00e1 ser apresentada at\u00e9 as 23h59min59s do dia 28 de fevereiro de 2020 Foi publicada hoje, no Di\u00e1rio Oficial da Uni\u00e3o, a\u00a0Instru\u00e7\u00e3o Normativa RFB n\u00ba 1.915, de 2019, que disp\u00f5e sobre a Declara\u00e7\u00e3o do Imposto sobre a Renda Retido na Fonte referente ao ano-calend\u00e1rio de 2019 \u2013 Dirf 2020.\u2026","rel":"","context":"Em &quot;Departamento Fiscal&quot;","block_context":{"text":"Departamento Fiscal","link":"https:\/\/cfcontabil.com\/cf\/category\/df\/"},"img":{"alt_text":"","src":"https:\/\/i0.wp.com\/cfcontabil.com\/cf\/wp-content\/uploads\/2019\/11\/dirf-imposto-renda-banner.png?fit=886%2C346&ssl=1&resize=350%2C200","width":350,"height":200,"srcset":"https:\/\/i0.wp.com\/cfcontabil.com\/cf\/wp-content\/uploads\/2019\/11\/dirf-imposto-renda-banner.png?fit=886%2C346&ssl=1&resize=350%2C200 1x, https:\/\/i0.wp.com\/cfcontabil.com\/cf\/wp-content\/uploads\/2019\/11\/dirf-imposto-renda-banner.png?fit=886%2C346&ssl=1&resize=525%2C300 1.5x, https:\/\/i0.wp.com\/cfcontabil.com\/cf\/wp-content\/uploads\/2019\/11\/dirf-imposto-renda-banner.png?fit=886%2C346&ssl=1&resize=700%2C400 2x"},"classes":[]},{"id":1129,"url":"https:\/\/cfcontabil.com\/cf\/projeto-autoriza-deducao-no-imposto-de-renda-de-doacoes-para-escolas\/","url_meta":{"origin":908,"position":3},"title":"Projeto autoriza dedu\u00e7\u00e3o no Imposto de Renda de doa\u00e7\u00f5es para escolas","author":"Ab\u00edlio Gon\u00e7alves","date":"18 de abril de 2017","format":false,"excerpt":"Est\u00e1 pronto para ser votado na Comiss\u00e3o de Constitui\u00e7\u00e3o, Justi\u00e7a e Cidadania (CCJ) o projeto de lei (PLS 198\/2013) que cria o Programa Nacional de Incentivo \u00e0 Educa\u00e7\u00e3o Escolar B\u00e1sica Gratuita (Pronie). O projeto autoriza a dedu\u00e7\u00e3o no Imposto de Renda, por pessoas f\u00edsicas e Jur\u00eddicas, de doa\u00e7\u00f5es feitas para\u2026","rel":"","context":"Em &quot;Departamento Fiscal&quot;","block_context":{"text":"Departamento Fiscal","link":"https:\/\/cfcontabil.com\/cf\/category\/df\/"},"img":{"alt_text":"","src":"https:\/\/i0.wp.com\/cfcontabil.com\/cf\/wp-content\/uploads\/2017\/04\/educa%C3%A7%C3%A3o-1.jpg?fit=1200%2C700&ssl=1&resize=350%2C200","width":350,"height":200,"srcset":"https:\/\/i0.wp.com\/cfcontabil.com\/cf\/wp-content\/uploads\/2017\/04\/educa%C3%A7%C3%A3o-1.jpg?fit=1200%2C700&ssl=1&resize=350%2C200 1x, https:\/\/i0.wp.com\/cfcontabil.com\/cf\/wp-content\/uploads\/2017\/04\/educa%C3%A7%C3%A3o-1.jpg?fit=1200%2C700&ssl=1&resize=525%2C300 1.5x, https:\/\/i0.wp.com\/cfcontabil.com\/cf\/wp-content\/uploads\/2017\/04\/educa%C3%A7%C3%A3o-1.jpg?fit=1200%2C700&ssl=1&resize=700%2C400 2x, https:\/\/i0.wp.com\/cfcontabil.com\/cf\/wp-content\/uploads\/2017\/04\/educa%C3%A7%C3%A3o-1.jpg?fit=1200%2C700&ssl=1&resize=1050%2C600 3x"},"classes":[]},{"id":1135,"url":"https:\/\/cfcontabil.com\/cf\/microempreendedor-individual-tambem-precisa-declarar-ir\/","url_meta":{"origin":908,"position":4},"title":"Microempreendedor individual tamb\u00e9m precisa declarar IR","author":"Ab\u00edlio Gon\u00e7alves","date":"26 de abril de 2017","format":false,"excerpt":"Mesmo que n\u00e3o tenha emitido nota fiscal, profissional enquadrado como MEI tamb\u00e9m deve prestar contas Com o crescente saldo negativo de postos de trabalho, a sa\u00edda para muitos brasileiros foi virar um Microempreendedor Individual, o MEI. At\u00e9 a \u00faltima semana, o Pa\u00eds tinha 6,8 milh\u00f5es de pessoas registradas com atividade\u2026","rel":"","context":"Em &quot;Departamento Fiscal&quot;","block_context":{"text":"Departamento Fiscal","link":"https:\/\/cfcontabil.com\/cf\/category\/df\/"},"img":{"alt_text":"","src":"https:\/\/i0.wp.com\/cfcontabil.com\/cf\/wp-content\/uploads\/2017\/03\/mei-micro-empreendedor-individual-696x287-1.jpg?fit=696%2C287&ssl=1&resize=350%2C200","width":350,"height":200,"srcset":"https:\/\/i0.wp.com\/cfcontabil.com\/cf\/wp-content\/uploads\/2017\/03\/mei-micro-empreendedor-individual-696x287-1.jpg?fit=696%2C287&ssl=1&resize=350%2C200 1x, https:\/\/i0.wp.com\/cfcontabil.com\/cf\/wp-content\/uploads\/2017\/03\/mei-micro-empreendedor-individual-696x287-1.jpg?fit=696%2C287&ssl=1&resize=525%2C300 1.5x"},"classes":[]},{"id":1389,"url":"https:\/\/cfcontabil.com\/cf\/receita-federal-declarara-inaptos-34-milhoes-de-inscritos-no-cnpj\/","url_meta":{"origin":908,"position":5},"title":"Receita Federal declarar\u00e1 inaptos 3,4 milh\u00f5es de inscritos no CNPJ","author":"Ab\u00edlio Gon\u00e7alves","date":"4 de setembro de 2018","format":false,"excerpt":"O contribuinte deve sanear as omiss\u00f5es de escritura\u00e7\u00f5es e de declara\u00e7\u00f5es dos \u00faltimos 5 anos Receita Federal declarar\u00e1 inaptos 3,4 milh\u00f5es de inscritos no CNPJ por omiss\u00e3o de declara\u00e7\u00e3o Para evitar a declara\u00e7\u00e3o de inaptid\u00e3o de sua inscri\u00e7\u00e3o, o contribuinte deve sanear as omiss\u00f5es de escritura\u00e7\u00f5es e de declara\u00e7\u00f5es dos\u2026","rel":"","context":"Em &quot;Departamento Fiscal&quot;","block_context":{"text":"Departamento Fiscal","link":"https:\/\/cfcontabil.com\/cf\/category\/df\/"},"img":{"alt_text":"","src":"https:\/\/i0.wp.com\/cfcontabil.com\/cf\/wp-content\/uploads\/2018\/09\/cnpjinapto-1.png?fit=1024%2C768&ssl=1&resize=350%2C200","width":350,"height":200,"srcset":"https:\/\/i0.wp.com\/cfcontabil.com\/cf\/wp-content\/uploads\/2018\/09\/cnpjinapto-1.png?fit=1024%2C768&ssl=1&resize=350%2C200 1x, https:\/\/i0.wp.com\/cfcontabil.com\/cf\/wp-content\/uploads\/2018\/09\/cnpjinapto-1.png?fit=1024%2C768&ssl=1&resize=525%2C300 1.5x, https:\/\/i0.wp.com\/cfcontabil.com\/cf\/wp-content\/uploads\/2018\/09\/cnpjinapto-1.png?fit=1024%2C768&ssl=1&resize=700%2C400 2x"},"classes":[]}],"jetpack_likes_enabled":true,"_links":{"self":[{"href":"https:\/\/cfcontabil.com\/cf\/wp-json\/wp\/v2\/posts\/908","targetHints":{"allow":["GET"]}}],"collection":[{"href":"https:\/\/cfcontabil.com\/cf\/wp-json\/wp\/v2\/posts"}],"about":[{"href":"https:\/\/cfcontabil.com\/cf\/wp-json\/wp\/v2\/types\/post"}],"author":[{"embeddable":true,"href":"https:\/\/cfcontabil.com\/cf\/wp-json\/wp\/v2\/users\/3"}],"replies":[{"embeddable":true,"href":"https:\/\/cfcontabil.com\/cf\/wp-json\/wp\/v2\/comments?post=908"}],"version-history":[{"count":0,"href":"https:\/\/cfcontabil.com\/cf\/wp-json\/wp\/v2\/posts\/908\/revisions"}],"wp:featuredmedia":[{"embeddable":true,"href":"https:\/\/cfcontabil.com\/cf\/wp-json\/wp\/v2\/media\/909"}],"wp:attachment":[{"href":"https:\/\/cfcontabil.com\/cf\/wp-json\/wp\/v2\/media?parent=908"}],"wp:term":[{"taxonomy":"category","embeddable":true,"href":"https:\/\/cfcontabil.com\/cf\/wp-json\/wp\/v2\/categories?post=908"},{"taxonomy":"post_tag","embeddable":true,"href":"https:\/\/cfcontabil.com\/cf\/wp-json\/wp\/v2\/tags?post=908"}],"curies":[{"name":"wp","href":"https:\/\/api.w.org\/{rel}","templated":true}]}}