{"id":911,"date":"2017-02-03T06:15:27","date_gmt":"2017-02-03T08:15:27","guid":{"rendered":"http:\/\/cfcontabil.com\/cf\/?p=911"},"modified":"2017-02-03T06:15:27","modified_gmt":"2017-02-03T08:15:27","slug":"pispasep-4611-dos-trabalhadores-sacaram-o-abono-salarial-ano-base-2015","status":"publish","type":"post","link":"https:\/\/cfcontabil.com\/cf\/pispasep-4611-dos-trabalhadores-sacaram-o-abono-salarial-ano-base-2015\/","title":{"rendered":"PIS\/PASEP. 46,11% dos trabalhadores sacaram o Abono Salarial ano-base 2015"},"content":{"rendered":"<p style=\"text-align: justify;\">Pagamentos est\u00e3o sendo feitos conforme calend\u00e1rio estabelecido pelo Conselho Deliberativo do Fundo de Amparo ao Trabalhador (Codefat)<\/p>\n<p style=\"text-align: justify;\">Cerca de 11,2 milh\u00f5es de trabalhadores sacaram o Abono Salarial do PIS\/Pasep ano-base 2015, que come\u00e7ou a ser pago em julho do ano passado. Isso corresponde a 46,11% do total de pessoas com direito ao benef\u00edcio. O Conselho Deliberativo do Fundo de Amparo ao Trabalhador (Codefat) estabeleceu um calend\u00e1rio com as datas de in\u00edcio dos saques, conforme o m\u00eas de anivers\u00e1rio dos trabalhadores vinculados ao PIS e o n\u00famero final da inscri\u00e7\u00e3o dos servidores p\u00fablicos no Pasep. Os pr\u00f3ximos a sacarem s\u00e3o os nascidos em mar\u00e7o e abril e com final de inscri\u00e7\u00e3o 6 e 7, que dever\u00e3o procurar uma ag\u00eancia banc\u00e1ria a partir de 16 de fevereiro (veja tabela abaixo).<\/p>\n<p style=\"text-align: justify;\"><!--more--><\/p>\n<table id=\"alter\" style=\"width: 100%;\" border=\"1\" cellspacing=\"0\" cellpadding=\"1\">\n<tbody>\n<tr>\n<th colspan=\"3\" scope=\"row\" bgcolor=\"#00BFFF\">TABELA PIS 2016\/2017 CAIXA ECON\u00d4MICA FEDERAL (ATUALIZADA)<\/th>\n<\/tr>\n<tr>\n<th colspan=\"3\" scope=\"row\" bgcolor=\"#87CEFA\">Calend\u00e1rio\u00a0de pagamento do PIS\u00a0para\u00a0ag\u00eancias da Caixa:<\/th>\n<\/tr>\n<tr>\n<th scope=\"row\" width=\"33%\"><strong>Anivers\u00e1rio<br \/>\n<\/strong><\/th>\n<td width=\"33%\"><strong>Pode Sacar em:<\/strong><\/td>\n<td width=\"34%\"><strong>At\u00e9:<\/strong><\/td>\n<\/tr>\n<tr>\n<th scope=\"row\">Julho<\/th>\n<td>28\/07\/2016<\/td>\n<td>30\/06\/2017<\/td>\n<\/tr>\n<tr>\n<th scope=\"row\">Agosto<\/th>\n<td>18\/08\/2016<\/td>\n<td>30\/06\/2017<\/td>\n<\/tr>\n<tr>\n<th scope=\"row\">Setembro<\/th>\n<td>15\/09\/2016<\/td>\n<td>30\/06\/2017<\/td>\n<\/tr>\n<tr>\n<th scope=\"row\">Outubro<\/th>\n<td>14\/10\/2016<\/td>\n<td>30\/06\/2017<\/td>\n<\/tr>\n<tr>\n<th scope=\"row\">Novembro<\/th>\n<td>21\/11\/2016<\/td>\n<td>30\/06\/2017<\/td>\n<\/tr>\n<tr>\n<th scope=\"row\">Dezembro<\/th>\n<td>15\/12\/2016<\/td>\n<td>30\/06\/2017<\/td>\n<\/tr>\n<tr>\n<th scope=\"row\">Janeiro e Fevereiro<\/th>\n<td>19\/01\/2017<\/td>\n<td>30\/06\/2017<\/td>\n<\/tr>\n<tr>\n<th scope=\"row\">Mar\u00e7o e Abril<\/th>\n<td>16\/02\/2017<\/td>\n<td>30\/06\/2017<\/td>\n<\/tr>\n<tr>\n<th scope=\"row\">Maio e Junho<\/th>\n<td>16\/03\/2017<\/td>\n<td>30\/06\/2017<\/td>\n<\/tr>\n<\/tbody>\n<\/table>\n<p style=\"text-align: justify;\">O coordenador do Seguro-Desemprego e Abono Salarial do Minist\u00e9rio do Trabalho, Enivaldo Lagares, explica que os trabalhadores ter\u00e3o at\u00e9 30 de junho de 2017, independentemente da data de anivers\u00e1rio, para retirarem o benef\u00edcio. \u201cFoi criado um calend\u00e1rio com datas de in\u00edcio dos saques para organizar os pagamentos, mas, uma vez liberados os recursos, os trabalhadores ter\u00e3o at\u00e9 o final do exerc\u00edcio para sacarem o benef\u00edcio. \u00c9 sempre importante recomendar, no entanto, que as pessoas n\u00e3o deixem para a \u00faltima hora\u201d, aconselha.<\/p>\n<p>Tem direito ao abono ano-base 2015 quem trabalhou com carteira assinada por pelo menos um m\u00eas naquele ano com remunera\u00e7\u00e3o m\u00e9dia de at\u00e9 dois sal\u00e1rios m\u00ednimos. Al\u00e9m disso, o trabalhador deve estar inscrito no PIS\/Pasep h\u00e1 pelo menos cinco anos, e o empregador precisa ter informado seus dados corretamente na Rela\u00e7\u00e3o Anual de Informa\u00e7\u00e3o Social (Rais).<\/p>\n<p>O valor do benef\u00edcio tem como base o sal\u00e1rio m\u00ednimo vigente (R$ 937), mas \u00e9 proporcional ao per\u00edodo trabalhado em 2015. \u201cO c\u00e1lculo para pagamento do abono \u00e9 semelhante ao c\u00e1lculo feito para o 13\u00b0 sal\u00e1rio: se a pessoa trabalhou por um m\u00eas, receber\u00e1 o equivalente a 1\/12 do sal\u00e1rio m\u00ednimo, e assim sucessivamente. A fra\u00e7\u00e3o igual ou superior a 15 dias de trabalho \u00e9 contada como m\u00eas integral\u201d, explica Lagares.<\/p>\n<p>Os trabalhadores da iniciativa privada poder\u00e3o retirar o dinheiro em qualquer ag\u00eancia da Caixa do pa\u00eds ou em casas lot\u00e9ricas, caso tenham o Cart\u00e3o Cidad\u00e3o com senha registrada. J\u00e1 os servidores p\u00fablicos sacam o valor no Banco do Brasil. Os recursos disponibilizados aos trabalhadores que n\u00e3o forem sacados retornar\u00e3o ao Fundo de Amparo ao Trabalhador (FAT). O FAT \u00e9 um fundo mantido com contribui\u00e7\u00e3o das empresas e seus recursos s\u00e3o destinados para pagamentos de Abono Salarial e Seguro-Desemprego.<\/p>\n<p>Fonte: www.trabalho.gov.br<\/p>\n","protected":false},"excerpt":{"rendered":"<p>Pagamentos est\u00e3o sendo feitos conforme calend\u00e1rio estabelecido pelo Conselho Deliberativo do Fundo de Amparo ao Trabalhador (Codefat) Cerca de 11,2 milh\u00f5es de trabalhadores sacaram o Abono Salarial do PIS\/Pasep ano-base 2015, que come\u00e7ou a ser pago em julho do ano passado. Isso corresponde a 46,11% do total de pessoas com direito ao benef\u00edcio. O Conselho [&hellip;]<\/p>\n","protected":false},"author":3,"featured_media":912,"comment_status":"open","ping_status":"open","sticky":false,"template":"","format":"standard","meta":{"jetpack_post_was_ever_published":false,"_jetpack_newsletter_access":"","_jetpack_dont_email_post_to_subs":false,"_jetpack_newsletter_tier_id":0,"_jetpack_memberships_contains_paywalled_content":false,"_jetpack_memberships_contains_paid_content":false,"footnotes":"","jetpack_publicize_message":"#PIS #PASEP\n\n46,11% dos trabalhadores sacaram o Abono Salarial ano-base 2015","jetpack_publicize_feature_enabled":true,"jetpack_social_post_already_shared":true,"jetpack_social_options":{"image_generator_settings":{"template":"highway","default_image_id":0,"font":"","enabled":false},"version":2}},"categories":[29],"tags":[207,371,314,372,184,116,208,313,165],"class_list":["post-911","post","type-post","status-publish","format-standard","has-post-thumbnail","hentry","category-dp","tag-abono","tag-aniversario","tag-beneficio","tag-pasep","tag-pis","tag-prazo","tag-salarial","tag-saque","tag-trabalhador"],"jetpack_publicize_connections":[],"jetpack_featured_media_url":"https:\/\/i0.wp.com\/cfcontabil.com\/cf\/wp-content\/uploads\/2017\/01\/cartao_do_cidadao-1.png?fit=460%2C322&ssl=1","jetpack_sharing_enabled":true,"jetpack_shortlink":"https:\/\/wp.me\/p2wklX-eH","jetpack-related-posts":[{"id":954,"url":"https:\/\/cfcontabil.com\/cf\/abono-salarial-do-pis-ano-base-2015-comeca-a-ser-pago-na-quinta-feira-16-para-nascidos-em-marco-e-abril\/","url_meta":{"origin":911,"position":0},"title":"Abono salarial do PIS ano-base 2015 come\u00e7a a ser pago na quinta-feira (16) para nascidos em mar\u00e7o e abril","author":"Ab\u00edlio Gon\u00e7alves","date":"16 de fevereiro de 2017","format":false,"excerpt":"Tamb\u00e9m recebem a partir desta data servidores p\u00fablicos benefici\u00e1rios do Pasep com inscri\u00e7\u00f5es de final 6 e 7 O Minist\u00e9rio do Trabalho libera a partir de quinta-feira (16) o pagamento do Abono Salarial do PIS\/Pasep ano-base 2015 para os trabalhadores nascidos nos meses de mar\u00e7o e abril. Tamb\u00e9m a partir\u2026","rel":"","context":"Em &quot;Geral&quot;","block_context":{"text":"Geral","link":"https:\/\/cfcontabil.com\/cf\/category\/geral\/"},"img":{"alt_text":"","src":"https:\/\/i0.wp.com\/cfcontabil.com\/cf\/wp-content\/uploads\/2016\/03\/dinheiro-1.jpg?fit=661%2C351&ssl=1&resize=350%2C200","width":350,"height":200,"srcset":"https:\/\/i0.wp.com\/cfcontabil.com\/cf\/wp-content\/uploads\/2016\/03\/dinheiro-1.jpg?fit=661%2C351&ssl=1&resize=350%2C200 1x, https:\/\/i0.wp.com\/cfcontabil.com\/cf\/wp-content\/uploads\/2016\/03\/dinheiro-1.jpg?fit=661%2C351&ssl=1&resize=525%2C300 1.5x"},"classes":[]},{"id":853,"url":"https:\/\/cfcontabil.com\/cf\/saiba-como-sacar-o-fundo-de-garantia-de-contas-inativas-do-fundo-de-garantia\/","url_meta":{"origin":911,"position":1},"title":"Saiba como sacar o Fundo de Garantia de contas inativas do Fundo de Garantia","author":"Ab\u00edlio Gon\u00e7alves","date":"24 de janeiro de 2017","format":false,"excerpt":"Calend\u00e1rio de saques e locais para retiradas deve ser divulgado a partir de fevereiro e o saldo j\u00e1 pode ser consultado na internet. Em fevereiro, o governo federal vai divulgar um calend\u00e1rio que possibilitar\u00e1 aos trabalhadores o saque integral do Fundo de Garantia do Tempo de Servi\u00e7o (FGTS). A retirada\u2026","rel":"","context":"Em &quot;Departamento Pessoal&quot;","block_context":{"text":"Departamento Pessoal","link":"https:\/\/cfcontabil.com\/cf\/category\/dp\/"},"img":{"alt_text":"","src":"https:\/\/i0.wp.com\/cfcontabil.com\/cf\/wp-content\/uploads\/2017\/01\/fgts-inativo-1.jpg?fit=580%2C273&ssl=1&resize=350%2C200","width":350,"height":200,"srcset":"https:\/\/i0.wp.com\/cfcontabil.com\/cf\/wp-content\/uploads\/2017\/01\/fgts-inativo-1.jpg?fit=580%2C273&ssl=1&resize=350%2C200 1x, https:\/\/i0.wp.com\/cfcontabil.com\/cf\/wp-content\/uploads\/2017\/01\/fgts-inativo-1.jpg?fit=580%2C273&ssl=1&resize=525%2C300 1.5x"},"classes":[]},{"id":252,"url":"https:\/\/cfcontabil.com\/cf\/fundo-de-garantia-do-tempo-de-servico-fgts\/","url_meta":{"origin":911,"position":2},"title":"Fundo de Garantia do Tempo de Servi\u00e7o &#8211; FGTS","author":"Juc\u00e9lia Martins","date":"6 de dezembro de 2012","format":false,"excerpt":"Oi pessoal! Como est\u00e3o? Animados para as festas de final de ano? \u00a0 Muitas pessoas me perguntam como sacar o FGTS, ent\u00e3o resolvi colocar algumas informa\u00e7\u00f5es aqui. \u00a0 Voc\u00ea sabe o que \u00e9 FGTS? O FGTS foi institu\u00eddo pela Lei n\u00ba 5.107, de 13\/09\/66 e \u00a0regulamentado pelo Decreto n\u00ba 59.820,\u2026","rel":"","context":"Em &quot;Geral&quot;","block_context":{"text":"Geral","link":"https:\/\/cfcontabil.com\/cf\/category\/geral\/"},"img":{"alt_text":"","src":"https:\/\/i0.wp.com\/www.fgts.gov.br\/resources\/logofgts_v2.jpg?resize=350%2C200","width":350,"height":200},"classes":[]},{"id":1047,"url":"https:\/\/cfcontabil.com\/cf\/rais-2016-declaracao-garante-pagamento-de-beneficios\/","url_meta":{"origin":911,"position":3},"title":"RAIS 2016 &#8211; Declara\u00e7\u00e3o garante pagamento de benef\u00edcios","author":"Ab\u00edlio Gon\u00e7alves","date":"10 de mar\u00e7o de 2017","format":false,"excerpt":"Abono Salarial, FGTS e INSS s\u00e3o algumas das informa\u00e7\u00f5es que podem ser checadas pela RAIS. O prazo para entregar a Rela\u00e7\u00e3o Anual de Informa\u00e7\u00f5es Sociais (RAIS) de 2016 termina no pr\u00f3ximo dia 17 de mar\u00e7o.\u00a0 Os contribuintes com CNPJ ativo na Receita Federal em 2016, incluindo os Microempreendedores Individuais (MEI)\u2026","rel":"","context":"Em &quot;Departamento Pessoal&quot;","block_context":{"text":"Departamento Pessoal","link":"https:\/\/cfcontabil.com\/cf\/category\/dp\/"},"img":{"alt_text":"","src":"https:\/\/i0.wp.com\/cfcontabil.com\/cf\/wp-content\/uploads\/2017\/01\/rais-1280x720-1.jpg?fit=1200%2C675&ssl=1&resize=350%2C200","width":350,"height":200,"srcset":"https:\/\/i0.wp.com\/cfcontabil.com\/cf\/wp-content\/uploads\/2017\/01\/rais-1280x720-1.jpg?fit=1200%2C675&ssl=1&resize=350%2C200 1x, https:\/\/i0.wp.com\/cfcontabil.com\/cf\/wp-content\/uploads\/2017\/01\/rais-1280x720-1.jpg?fit=1200%2C675&ssl=1&resize=525%2C300 1.5x, https:\/\/i0.wp.com\/cfcontabil.com\/cf\/wp-content\/uploads\/2017\/01\/rais-1280x720-1.jpg?fit=1200%2C675&ssl=1&resize=700%2C400 2x, https:\/\/i0.wp.com\/cfcontabil.com\/cf\/wp-content\/uploads\/2017\/01\/rais-1280x720-1.jpg?fit=1200%2C675&ssl=1&resize=1050%2C600 3x"},"classes":[]},{"id":856,"url":"https:\/\/cfcontabil.com\/cf\/tire-suas-duvidas-sobre-o-reajuste-do-seguro-desemprego\/","url_meta":{"origin":911,"position":4},"title":"Tire suas d\u00favidas sobre o reajuste do seguro-desemprego","author":"Ab\u00edlio Gon\u00e7alves","date":"25 de janeiro de 2017","format":false,"excerpt":"Benef\u00edcio do seguro-desemprego come\u00e7ou a ser pago com reajuste a partir de\u00a0ter\u00e7a-feira (17) O Minist\u00e9rio do Trabalho liberou o lote de pagamento do Seguro-Desemprego com o reajuste das parcelas. Os novos valores levam em conta o sal\u00e1rio m\u00ednimo a partir de 1\u00b0 de janeiro de 2017 e a varia\u00e7\u00e3o do\u2026","rel":"","context":"Em &quot;Departamento Pessoal&quot;","block_context":{"text":"Departamento Pessoal","link":"https:\/\/cfcontabil.com\/cf\/category\/dp\/"},"img":{"alt_text":"","src":"https:\/\/i0.wp.com\/cfcontabil.com\/cf\/wp-content\/uploads\/2017\/01\/CTPStrabalho-1.jpg?fit=1200%2C781&ssl=1&resize=350%2C200","width":350,"height":200,"srcset":"https:\/\/i0.wp.com\/cfcontabil.com\/cf\/wp-content\/uploads\/2017\/01\/CTPStrabalho-1.jpg?fit=1200%2C781&ssl=1&resize=350%2C200 1x, https:\/\/i0.wp.com\/cfcontabil.com\/cf\/wp-content\/uploads\/2017\/01\/CTPStrabalho-1.jpg?fit=1200%2C781&ssl=1&resize=525%2C300 1.5x, https:\/\/i0.wp.com\/cfcontabil.com\/cf\/wp-content\/uploads\/2017\/01\/CTPStrabalho-1.jpg?fit=1200%2C781&ssl=1&resize=700%2C400 2x, https:\/\/i0.wp.com\/cfcontabil.com\/cf\/wp-content\/uploads\/2017\/01\/CTPStrabalho-1.jpg?fit=1200%2C781&ssl=1&resize=1050%2C600 3x"},"classes":[]},{"id":1930,"url":"https:\/\/cfcontabil.com\/cf\/mais-de-800-mil-brasileiros-optaram-por-saque-aniversario-do-fgts-para-2020\/","url_meta":{"origin":911,"position":5},"title":"Mais de 800 mil brasileiros optaram por saque anivers\u00e1rio do FGTS para 2020","author":"Ab\u00edlio Gon\u00e7alves","date":"20 de novembro de 2019","format":false,"excerpt":"No saque anivers\u00e1rio, o trabalhador pode retirar anualmente uma parcela do saldo da conta do FGTS, o que permitir\u00e1 uma renda extra opcional Mais de 823 mil pessoas j\u00e1 optaram pelo saque anivers\u00e1rio do Fundo de Garantia do Tempo de Servi\u00e7o (FGTS) para 2020, de acordo com o secret\u00e1rio de\u2026","rel":"","context":"Em &quot;Geral&quot;","block_context":{"text":"Geral","link":"https:\/\/cfcontabil.com\/cf\/category\/geral\/"},"img":{"alt_text":"","src":"https:\/\/i0.wp.com\/cfcontabil.com\/cf\/wp-content\/uploads\/2017\/03\/FGTS1-1.jpg?fit=1200%2C702&ssl=1&resize=350%2C200","width":350,"height":200,"srcset":"https:\/\/i0.wp.com\/cfcontabil.com\/cf\/wp-content\/uploads\/2017\/03\/FGTS1-1.jpg?fit=1200%2C702&ssl=1&resize=350%2C200 1x, https:\/\/i0.wp.com\/cfcontabil.com\/cf\/wp-content\/uploads\/2017\/03\/FGTS1-1.jpg?fit=1200%2C702&ssl=1&resize=525%2C300 1.5x, https:\/\/i0.wp.com\/cfcontabil.com\/cf\/wp-content\/uploads\/2017\/03\/FGTS1-1.jpg?fit=1200%2C702&ssl=1&resize=700%2C400 2x, https:\/\/i0.wp.com\/cfcontabil.com\/cf\/wp-content\/uploads\/2017\/03\/FGTS1-1.jpg?fit=1200%2C702&ssl=1&resize=1050%2C600 3x"},"classes":[]}],"jetpack_likes_enabled":true,"_links":{"self":[{"href":"https:\/\/cfcontabil.com\/cf\/wp-json\/wp\/v2\/posts\/911","targetHints":{"allow":["GET"]}}],"collection":[{"href":"https:\/\/cfcontabil.com\/cf\/wp-json\/wp\/v2\/posts"}],"about":[{"href":"https:\/\/cfcontabil.com\/cf\/wp-json\/wp\/v2\/types\/post"}],"author":[{"embeddable":true,"href":"https:\/\/cfcontabil.com\/cf\/wp-json\/wp\/v2\/users\/3"}],"replies":[{"embeddable":true,"href":"https:\/\/cfcontabil.com\/cf\/wp-json\/wp\/v2\/comments?post=911"}],"version-history":[{"count":0,"href":"https:\/\/cfcontabil.com\/cf\/wp-json\/wp\/v2\/posts\/911\/revisions"}],"wp:featuredmedia":[{"embeddable":true,"href":"https:\/\/cfcontabil.com\/cf\/wp-json\/wp\/v2\/media\/912"}],"wp:attachment":[{"href":"https:\/\/cfcontabil.com\/cf\/wp-json\/wp\/v2\/media?parent=911"}],"wp:term":[{"taxonomy":"category","embeddable":true,"href":"https:\/\/cfcontabil.com\/cf\/wp-json\/wp\/v2\/categories?post=911"},{"taxonomy":"post_tag","embeddable":true,"href":"https:\/\/cfcontabil.com\/cf\/wp-json\/wp\/v2\/tags?post=911"}],"curies":[{"name":"wp","href":"https:\/\/api.w.org\/{rel}","templated":true}]}}