{"id":923,"date":"2017-02-07T13:52:56","date_gmt":"2017-02-07T15:52:56","guid":{"rendered":"http:\/\/cfcontabil.com\/cf\/?p=923"},"modified":"2017-02-07T13:52:56","modified_gmt":"2017-02-07T15:52:56","slug":"em-2017-numero-de-declaracoes-de-nao-ocorrencia-de-operacoes-ao-coaf-supera-o-de-2016","status":"publish","type":"post","link":"https:\/\/cfcontabil.com\/cf\/em-2017-numero-de-declaracoes-de-nao-ocorrencia-de-operacoes-ao-coaf-supera-o-de-2016\/","title":{"rendered":"Em 2017, n\u00famero de Declara\u00e7\u00f5es de N\u00e3o Ocorr\u00eancia de Opera\u00e7\u00f5es ao Coaf supera o de 2016"},"content":{"rendered":"<p style=\"text-align: justify;\">A vice-presid\u00eancia de Fiscaliza\u00e7\u00e3o, \u00c9tica e Disciplina do Conselho Federal de Contabilidade (CFC) divulgou, nesta semana, o n\u00famero de Comunica\u00e7\u00e3o de N\u00e3o Ocorr\u00eancia de Opera\u00e7\u00f5es ao Conselho de Atividades Financeiras (Coaf), realizada durante todo o m\u00eas de janeiro.<\/p>\n<p>O total de Declara\u00e7\u00e3o foi de 150.184 mil, 20.97% maior que 2016.<\/p>\n<p style=\"text-align: justify;\">De acordo com o vice-presidente.<\/p>\n<p style=\"text-align: justify;\">Fonte:\u00a0Por Fabr\u00edcio Santos Comunica\u00e7\u00e3o CFC<\/p>\n","protected":false},"excerpt":{"rendered":"<p>A vice-presid\u00eancia de Fiscaliza\u00e7\u00e3o, \u00c9tica e Disciplina do Conselho Federal de Contabilidade (CFC) divulgou, nesta semana, o n\u00famero de Comunica\u00e7\u00e3o de N\u00e3o Ocorr\u00eancia de Opera\u00e7\u00f5es ao Conselho de Atividades Financeiras (Coaf), realizada durante todo o m\u00eas de janeiro. O total de Declara\u00e7\u00e3o foi de 150.184 mil, 20.97% maior que 2016. De acordo com o vice-presidente. [&hellip;]<\/p>\n","protected":false},"author":3,"featured_media":731,"comment_status":"open","ping_status":"open","sticky":false,"template":"","format":"standard","meta":{"jetpack_post_was_ever_published":false,"_jetpack_newsletter_access":"","_jetpack_dont_email_post_to_subs":false,"_jetpack_newsletter_tier_id":0,"_jetpack_memberships_contains_paywalled_content":false,"_jetpack_memberships_contains_paid_content":false,"footnotes":"","jetpack_publicize_message":"Em 2017, n\u00famero de Declara\u00e7\u00f5es de N\u00e3o Ocorr\u00eancia de Opera\u00e7\u00f5es ao Coaf supera o de 2016","jetpack_publicize_feature_enabled":true,"jetpack_social_post_already_shared":true,"jetpack_social_options":{"image_generator_settings":{"template":"highway","default_image_id":0,"font":"","enabled":false},"version":2}},"categories":[46],"tags":[331,106,35],"class_list":["post-923","post","type-post","status-publish","format-standard","has-post-thumbnail","hentry","category-df","tag-coaf","tag-declaracao","tag-fisco"],"jetpack_publicize_connections":[],"jetpack_featured_media_url":"https:\/\/i0.wp.com\/cfcontabil.com\/cf\/wp-content\/uploads\/2016\/04\/notebook-1.jpg?fit=627%2C400&ssl=1","jetpack_sharing_enabled":true,"jetpack_shortlink":"https:\/\/wp.me\/p2wklX-eT","jetpack-related-posts":[{"id":873,"url":"https:\/\/cfcontabil.com\/cf\/declaracao-negativa-referente-ao-exercicio-de-2016\/","url_meta":{"origin":923,"position":0},"title":"&#8220;Declara\u00e7\u00e3o Negativa&#8221; referente ao exerc\u00edcio de 2016","author":"Ab\u00edlio Gon\u00e7alves","date":"25 de janeiro de 2017","format":false,"excerpt":"O prazo para os profissionais e organiza\u00e7\u00f5es cont\u00e1beis \u00e9 at\u00e9 o dia 31.01.17 Conforme estabelecido na Lei no 9.613\/98 e regulamentado atrav\u00e9s da Resolu\u00e7\u00e3o CFC n.\u00b0 1.445\/2013,\u00a0profissionais e organiza\u00e7\u00f5es cont\u00e1beis\u00a0que prestem, mesmo que eventualmente, servi\u00e7os de assessoria, consultoria, contadoria, auditoria, aconselhamento ou assist\u00eancia que qualquer natureza, que\u00a0n\u00e3o efetuaram comunica\u00e7\u00e3o de\u2026","rel":"","context":"Em &quot;Consultoria Empresarial&quot;","block_context":{"text":"Consultoria Empresarial","link":"https:\/\/cfcontabil.com\/cf\/category\/consultoria\/"},"img":{"alt_text":"","src":"","width":0,"height":0},"classes":[]},{"id":1238,"url":"https:\/\/cfcontabil.com\/cf\/resolucao-cfc-n-14452013-passara-por-mudancas\/","url_meta":{"origin":923,"position":1},"title":"Resolu\u00e7\u00e3o CFC n\u00b0 1445\/2013 passar\u00e1 por mudan\u00e7as","author":"Ab\u00edlio Gon\u00e7alves","date":"26 de junho de 2017","format":false,"excerpt":"Integrantes da comiss\u00e3o constitu\u00edda para capacita\u00e7\u00e3o e acompanhamento dos procedimentos a serem observados pelos profissionais e organiza\u00e7\u00f5es cont\u00e1beis, para cumprimento das obriga\u00e7\u00f5es previstas na Resolu\u00e7\u00e3o CFC n\u00b0 1445\/2013, est\u00e3o reunidos na sede do CFC, em Bras\u00edlia (DF). A pauta prev\u00ea a discuss\u00e3o das mudan\u00e7as sugeridas na Resolu\u00e7\u00e3o que esteve em\u2026","rel":"","context":"Em &quot;Geral&quot;","block_context":{"text":"Geral","link":"https:\/\/cfcontabil.com\/cf\/category\/geral\/"},"img":{"alt_text":"","src":"https:\/\/i0.wp.com\/cfcontabil.com\/cf\/wp-content\/uploads\/2013\/01\/contabilidade-online-2.png?fit=500%2C325&ssl=1&resize=350%2C200","width":350,"height":200},"classes":[]},{"id":877,"url":"https:\/\/cfcontabil.com\/cf\/atraso-em-liberacao-de-programa-da-dirf-pode-comprometer-a-declaracao-de-imposto-de-renda\/","url_meta":{"origin":923,"position":2},"title":"Atraso em libera\u00e7\u00e3o de programa da Dirf pode comprometer a declara\u00e7\u00e3o de imposto de renda","author":"Ab\u00edlio Gon\u00e7alves","date":"26 de janeiro de 2017","format":false,"excerpt":"CFC encaminhou\u00a0of\u00edcio para Receita solicitando a imediata disponibiliza\u00e7\u00e3o de programa de transmiss\u00e3o da DIRF O Conselho Federal de Contabilidade (CFC) enviou, nesta ter\u00e7a-feira (24), of\u00edcio ao secret\u00e1rio da Receita Federal, Jorge Rachid, pedindo a prorroga\u00e7\u00e3o do prazo de entrega da Declara\u00e7\u00e3o do Imposto de Renda Retido na Fonte (Dirf), previsto\u2026","rel":"","context":"Em &quot;Departamento Pessoal&quot;","block_context":{"text":"Departamento Pessoal","link":"https:\/\/cfcontabil.com\/cf\/category\/dp\/"},"img":{"alt_text":"","src":"https:\/\/i0.wp.com\/cfcontabil.com\/cf\/wp-content\/uploads\/2017\/01\/DIRF_698x57613-1.jpg?fit=1000%2C826&ssl=1&resize=350%2C200","width":350,"height":200,"srcset":"https:\/\/i0.wp.com\/cfcontabil.com\/cf\/wp-content\/uploads\/2017\/01\/DIRF_698x57613-1.jpg?fit=1000%2C826&ssl=1&resize=350%2C200 1x, https:\/\/i0.wp.com\/cfcontabil.com\/cf\/wp-content\/uploads\/2017\/01\/DIRF_698x57613-1.jpg?fit=1000%2C826&ssl=1&resize=525%2C300 1.5x, https:\/\/i0.wp.com\/cfcontabil.com\/cf\/wp-content\/uploads\/2017\/01\/DIRF_698x57613-1.jpg?fit=1000%2C826&ssl=1&resize=700%2C400 2x"},"classes":[]},{"id":1061,"url":"https:\/\/cfcontabil.com\/cf\/prova-para-peritos-contabeis-abrangera-todas-as-areas-de-atuacao\/","url_meta":{"origin":923,"position":3},"title":"Prova para peritos cont\u00e1beis abranger\u00e1 todas as \u00e1reas de atua\u00e7\u00e3o","author":"Ab\u00edlio Gon\u00e7alves","date":"14 de mar\u00e7o de 2017","format":false,"excerpt":"Comiss\u00e3o organizadora da prova est\u00e1 reunida para definir as quest\u00f5es. A Comiss\u00e3o Administradora do Exame de Qualidade T\u00e9cnica - Peritos Cont\u00e1beis (CAE-EQT-PC) reuniu-se nesta quinta (9) e sexta-feira (10), na sede do Conselho Federal de Contabilidade (CFC), em Bras\u00edlia, para elaborar e validar as quest\u00f5es do primeiro exame, que ser\u00e1\u2026","rel":"","context":"Em &quot;Geral&quot;","block_context":{"text":"Geral","link":"https:\/\/cfcontabil.com\/cf\/category\/geral\/"},"img":{"alt_text":"","src":"https:\/\/i0.wp.com\/cfcontabil.com\/cf\/wp-content\/uploads\/2017\/03\/perito-contabil-1.jpg?fit=424%2C283&ssl=1&resize=350%2C200","width":350,"height":200},"classes":[]},{"id":840,"url":"https:\/\/cfcontabil.com\/cf\/vice-presidente-do-cfc-alerta-contribuinte-ja-pode-se-preparar-para-novo-refis\/","url_meta":{"origin":923,"position":4},"title":"Vice-presidente do CFC alerta: Contribuinte j\u00e1 pode se preparar para \u201cnovo Refis\u201d","author":"Ab\u00edlio Gon\u00e7alves","date":"20 de janeiro de 2017","format":false,"excerpt":"Separar d\u00e9bitos at\u00e9 a data estipulada pelo governo \u00e9 o primeiro passo para quem pretende aderir ao Programa Ap\u00f3s o an\u00fancio pelo governo da Medida Provis\u00f3ria (MP) 766, que institui o Programa de Regulariza\u00e7\u00e3o Tribut\u00e1ria (PRT), os contribuintes - pessoas f\u00edsicas e empresas - j\u00e1 podem se preparar para regularizar\u2026","rel":"","context":"Em &quot;Consultoria Empresarial&quot;","block_context":{"text":"Consultoria Empresarial","link":"https:\/\/cfcontabil.com\/cf\/category\/consultoria\/"},"img":{"alt_text":"","src":"https:\/\/i0.wp.com\/cfcontabil.com\/cf\/wp-content\/uploads\/2017\/01\/PLANEJAMENTO_ESTRATGICO_2-1.jpg?fit=580%2C400&ssl=1&resize=350%2C200","width":350,"height":200,"srcset":"https:\/\/i0.wp.com\/cfcontabil.com\/cf\/wp-content\/uploads\/2017\/01\/PLANEJAMENTO_ESTRATGICO_2-1.jpg?fit=580%2C400&ssl=1&resize=350%2C200 1x, https:\/\/i0.wp.com\/cfcontabil.com\/cf\/wp-content\/uploads\/2017\/01\/PLANEJAMENTO_ESTRATGICO_2-1.jpg?fit=580%2C400&ssl=1&resize=525%2C300 1.5x"},"classes":[]},{"id":1094,"url":"https:\/\/cfcontabil.com\/cf\/grupo-finaliza-minuta-de-cinco-novas-normas-de-contabilidade-da-area-publica\/","url_meta":{"origin":923,"position":5},"title":"Grupo finaliza minuta de cinco novas normas de contabilidade da \u00e1rea p\u00fablica","author":"Ab\u00edlio Gon\u00e7alves","date":"29 de mar\u00e7o de 2017","format":false,"excerpt":"Normas relativas ao patrim\u00f4nio devem entrar em audi\u00eancia p\u00fablica ainda este semestre O Grupo Assessor de Normas Brasileiras de Contabilidade Aplicadas ao Setor P\u00fablico (GA NBCASP), do Conselho Federal de Contabilidade (CFC), se reuniu nos dias 21 e 22 de mar\u00e7o, para dar continuidade ao processo de converg\u00eancia \u00e0s normas\u2026","rel":"","context":"Em &quot;Geral&quot;","block_context":{"text":"Geral","link":"https:\/\/cfcontabil.com\/cf\/category\/geral\/"},"img":{"alt_text":"","src":"https:\/\/i0.wp.com\/cfcontabil.com\/cf\/wp-content\/uploads\/2017\/03\/ci%C3%AAncias-cont%C3%A1beis-1.jpg?fit=856%2C415&ssl=1&resize=350%2C200","width":350,"height":200,"srcset":"https:\/\/i0.wp.com\/cfcontabil.com\/cf\/wp-content\/uploads\/2017\/03\/ci%C3%AAncias-cont%C3%A1beis-1.jpg?fit=856%2C415&ssl=1&resize=350%2C200 1x, https:\/\/i0.wp.com\/cfcontabil.com\/cf\/wp-content\/uploads\/2017\/03\/ci%C3%AAncias-cont%C3%A1beis-1.jpg?fit=856%2C415&ssl=1&resize=525%2C300 1.5x, https:\/\/i0.wp.com\/cfcontabil.com\/cf\/wp-content\/uploads\/2017\/03\/ci%C3%AAncias-cont%C3%A1beis-1.jpg?fit=856%2C415&ssl=1&resize=700%2C400 2x"},"classes":[]}],"jetpack_likes_enabled":true,"_links":{"self":[{"href":"https:\/\/cfcontabil.com\/cf\/wp-json\/wp\/v2\/posts\/923","targetHints":{"allow":["GET"]}}],"collection":[{"href":"https:\/\/cfcontabil.com\/cf\/wp-json\/wp\/v2\/posts"}],"about":[{"href":"https:\/\/cfcontabil.com\/cf\/wp-json\/wp\/v2\/types\/post"}],"author":[{"embeddable":true,"href":"https:\/\/cfcontabil.com\/cf\/wp-json\/wp\/v2\/users\/3"}],"replies":[{"embeddable":true,"href":"https:\/\/cfcontabil.com\/cf\/wp-json\/wp\/v2\/comments?post=923"}],"version-history":[{"count":0,"href":"https:\/\/cfcontabil.com\/cf\/wp-json\/wp\/v2\/posts\/923\/revisions"}],"wp:featuredmedia":[{"embeddable":true,"href":"https:\/\/cfcontabil.com\/cf\/wp-json\/wp\/v2\/media\/731"}],"wp:attachment":[{"href":"https:\/\/cfcontabil.com\/cf\/wp-json\/wp\/v2\/media?parent=923"}],"wp:term":[{"taxonomy":"category","embeddable":true,"href":"https:\/\/cfcontabil.com\/cf\/wp-json\/wp\/v2\/categories?post=923"},{"taxonomy":"post_tag","embeddable":true,"href":"https:\/\/cfcontabil.com\/cf\/wp-json\/wp\/v2\/tags?post=923"}],"curies":[{"name":"wp","href":"https:\/\/api.w.org\/{rel}","templated":true}]}}