{"id":925,"date":"2017-02-09T05:00:07","date_gmt":"2017-02-09T07:00:07","guid":{"rendered":"http:\/\/cfcontabil.com\/cf\/?p=925"},"modified":"2017-02-09T05:00:07","modified_gmt":"2017-02-09T07:00:07","slug":"empresas-pessoas-fisicas-e-orgaos-publicos-poderao-pagar-dividas-vencidas-ate-30-11-2016-usando-creditos-de-prejuizo-fiscal-inclusive-com-a-previdencia","status":"publish","type":"post","link":"https:\/\/cfcontabil.com\/cf\/empresas-pessoas-fisicas-e-orgaos-publicos-poderao-pagar-dividas-vencidas-ate-30-11-2016-usando-creditos-de-prejuizo-fiscal-inclusive-com-a-previdencia\/","title":{"rendered":"Empresas, pessoas f\u00edsicas e \u00f3rg\u00e3os p\u00fablicos poder\u00e3o pagar d\u00edvidas vencidas at\u00e9 30.11.2016 usando cr\u00e9ditos de preju\u00edzo fiscal, inclusive com a Previd\u00eancia"},"content":{"rendered":"<p style=\"text-align: justify;\">A partir de quarta (01\/02) os contribuintes &#8211; tanto pessoas f\u00edsicas quanto jur\u00eddicas e \u00f3rg\u00e3os do poder p\u00fablico &#8211; poder\u00e3o regularizar sua situa\u00e7\u00e3o tribut\u00e1ria perante a Receita Federal do Brasil, seguindo as condi\u00e7\u00f5es especiais determinadas pelo Programa de Regulariza\u00e7\u00e3o Tribut\u00e1ria(PRT). A ades\u00e3o poder\u00e1 ser feita por um prazo de 120 dias.<\/p>\n<p>Instru\u00e7\u00e3o normativa que regulamenta o PRT, institu\u00eddo pela Medida Provis\u00f3ria n\u00b0 766, foi publicada no Di\u00e1rio Oficial da Uni\u00e3o desta quarta-feira. \u201cTrata-se de um programa com larga margem de possibilidade para o contribuinte regularizar sua situa\u00e7\u00e3o\u201d, disse o secret\u00e1rio da Receita, Jorge Rachid, em entrevista coletiva para comentar a publica\u00e7\u00e3o da instru\u00e7\u00e3o.<\/p>\n<p>Rachid destacou que as oportunidades oferecidas s\u00e3o positivas e equilibradas e foram elaboradas para atender \u00e0s necessidades daqueles que cumprem com seus deveres junto ao fisco. \u201cTemos que oferecer ao contribuinte condi\u00e7\u00f5es para ele cumprir suas obriga\u00e7\u00f5es tribut\u00e1rias\u201d, afirmou o secret\u00e1rio.<\/p>\n<p style=\"text-align: justify;\"><!--more--><\/p>\n<p style=\"text-align: justify;\">O programa permitir\u00e1 que as d\u00edvidas vencidas at\u00e9 30 de novembro de 2016 sejam liquidadas de v\u00e1rias maneiras. A primeira \u00e9 por meio do pagamento \u00e0 vista de pelo menos 20% do valor da d\u00edvida, com a quita\u00e7\u00e3o do saldo restante utilizando-se de cr\u00e9ditos de preju\u00edzo fiscal, inclusive cr\u00e9ditos de Previd\u00eancia. Caso esses cr\u00e9ditos sejam insuficientes para liquidar a d\u00edvida, o montante remanescente poder\u00e1 ser parcelado em at\u00e9 60 meses.<\/p>\n<p>Para o contribuinte que n\u00e3o tem condi\u00e7\u00f5es de quitar \u00e0 vista os 20% da entrada, o programa oferece a possibilidade de parcelamento de 24% da d\u00edvida em 24 meses. Nos primeiros 12 meses, ele pagar\u00e1 9,6% da d\u00edvida; nos outros 12, os demais 14,4%. O saldo restante \u00e9 quitado com cr\u00e9ditos de preju\u00edzos fiscais.<\/p>\n<p>Caso n\u00e3o possua cr\u00e9ditos, o contribuinte poder\u00e1 pagar uma entrada de 20% da d\u00edvida e parcelar o restante em at\u00e9 96 presta\u00e7\u00f5es mensais. Se n\u00e3o tiver condi\u00e7\u00f5es de pagar essa entrada, a d\u00edvida poder\u00e1 ser quitada em 120 meses de maneira escalonada &#8211; 6% no primeiro ano, 7,2% no segundo, 8,4% no terceiro e o restante em 84 presta\u00e7\u00f5es lineares e iguais.<\/p>\n<p>O preju\u00edzo fiscal a ser utilizado tem que ter sido contabilizado at\u00e9 31 de dezembro de 2015 e declarado ao fisco at\u00e9 30 de junho de 2016. Al\u00e9m disso, para incluir d\u00edvidas em lit\u00edgio, o contribuinte precisar\u00e1 desistir das impugna\u00e7\u00f5es e dos recursos administrativos e judiciais que tenham por objeto esses d\u00e9bitos.<\/p>\n<p>\u201cO programa foi destinado \u00e0 preven\u00e7\u00e3o e redu\u00e7\u00e3o de lit\u00edgios administrativos e judiciais e \u00e0 regulariza\u00e7\u00e3o das d\u00edvidas tribut\u00e1rias com potencial de lit\u00edgios\u201d, disse Rachid. O secret\u00e1rio destacou tamb\u00e9m que n\u00e3o poder\u00e3o ser inclu\u00eddos no programa os d\u00e9bitos apurados no Simples Nacional, porque estes j\u00e1 contam com uma op\u00e7\u00e3o de regulariza\u00e7\u00e3o em aberto.<\/p>\n<p>Rachid chamou aten\u00e7\u00e3o tamb\u00e9m para a obriga\u00e7\u00e3o do contribuinte de pagar regularmente as parcelas, sob risco de exclus\u00e3o imediata do programa. \u201cTem que pagar o programa todo\u201d, ressaltou ele, acrescentando que a Receita vai monitorar isso de perto.<\/p>\n<p>Para aderir, basta ao contribuinte preencher o requerimento de ades\u00e3o e protocol\u00e1-lo junto \u00e0 Receita at\u00e9 31 de maio. Os formul\u00e1rios estar\u00e3o todos no site do \u00f3rg\u00e3o, que vai disponibilizar tamb\u00e9m uma se\u00e7\u00e3o de perguntas e respostas e um tutorial de preenchimento dos formul\u00e1rios .<\/p>\n<p>O contribuinte que j\u00e1 estiver em outros programas de refinanciamento poder\u00e1, \u00e0 sua op\u00e7\u00e3o, continuar naqueles programas e aderir ao PRT, ou ainda migrar os d\u00e9bitos dos outros programas para o PRT. Enquanto n\u00e3o consolidada a d\u00edvida, o contribuinte dever\u00e1 calcular e recolher o valor \u00e0 vista ou o valor equivalente ao montante dos d\u00e9bitos objeto do parcelamento dividido pelo n\u00famero de presta\u00e7\u00f5es pretendidas.<\/p>\n<p>\u201cN\u00e3o h\u00e1 necessidade de o contribuinte procurar atendimento da Receita, nem de formalizar processo administrativo. Tudo poder\u00e1 ser feito em plataforma eletr\u00f4nica\u201d, disse o subsecret\u00e1rio de Arrecada\u00e7\u00e3o e Atendimento do \u00f3rg\u00e3o, Carlos Occaso, que participou da coletiva.<\/p>\n<p>Fonte: www.fazenda.gov.br<\/p>\n","protected":false},"excerpt":{"rendered":"<p>A partir de quarta (01\/02) os contribuintes &#8211; tanto pessoas f\u00edsicas quanto jur\u00eddicas e \u00f3rg\u00e3os do poder p\u00fablico &#8211; poder\u00e3o regularizar sua situa\u00e7\u00e3o tribut\u00e1ria perante a Receita Federal do Brasil, seguindo as condi\u00e7\u00f5es especiais determinadas pelo Programa de Regulariza\u00e7\u00e3o Tribut\u00e1ria(PRT). A ades\u00e3o poder\u00e1 ser feita por um prazo de 120 dias. Instru\u00e7\u00e3o normativa que regulamenta [&hellip;]<\/p>\n","protected":false},"author":3,"featured_media":695,"comment_status":"open","ping_status":"open","sticky":false,"template":"","format":"standard","meta":{"jetpack_post_was_ever_published":false,"_jetpack_newsletter_access":"","_jetpack_dont_email_post_to_subs":false,"_jetpack_newsletter_tier_id":0,"_jetpack_memberships_contains_paywalled_content":false,"_jetpack_memberships_contains_paid_content":false,"footnotes":"","jetpack_publicize_message":"Empresas, pessoas f\u00edsicas e \u00f3rg\u00e3os p\u00fablicos poder\u00e3o pagar d\u00edvidas","jetpack_publicize_feature_enabled":true,"jetpack_social_post_already_shared":true,"jetpack_social_options":{"image_generator_settings":{"template":"highway","default_image_id":0,"font":"","enabled":false},"version":2}},"categories":[22],"tags":[373,374,96,113,188,284],"class_list":["post-925","post","type-post","status-publish","format-standard","has-post-thumbnail","hentry","category-geral","tag-dividas","tag-fazenda","tag-pagamento","tag-parcelamento","tag-programa","tag-tributario"],"jetpack_publicize_connections":[],"jetpack_featured_media_url":"https:\/\/i0.wp.com\/cfcontabil.com\/cf\/wp-content\/uploads\/2016\/03\/dinheiro-1.jpg?fit=661%2C351&ssl=1","jetpack_sharing_enabled":true,"jetpack_shortlink":"https:\/\/wp.me\/p2wklX-eV","jetpack-related-posts":[{"id":1230,"url":"https:\/\/cfcontabil.com\/cf\/programa-de-regularizacao-tributaria-prt-e-oportunidade-para-retomada-de-negocios\/","url_meta":{"origin":925,"position":0},"title":"Programa de Regulariza\u00e7\u00e3o Tribut\u00e1ria (PRT) \u00e9 oportunidade para retomada de neg\u00f3cios","author":"Ab\u00edlio Gon\u00e7alves","date":"6 de mar\u00e7o de 2017","format":false,"excerpt":"O PRT estabeleceu condi\u00e7\u00f5es especiais para pagamento de d\u00edvidas de empresas e pessoas f\u00edsicas Com os objetivos de reduzir lit\u00edgios tribut\u00e1rios e promover a regulariza\u00e7\u00e3o fiscal, o Governo Federal lan\u00e7ou, por meio da Medida Provis\u00f3ria 766, de 2017, o Programa de Regulariza\u00e7\u00e3o Tribut\u00e1ria (PRT), por meio do qual poder\u00e3o ser\u2026","rel":"","context":"Em &quot;Departamento Fiscal&quot;","block_context":{"text":"Departamento Fiscal","link":"https:\/\/cfcontabil.com\/cf\/category\/df\/"},"img":{"alt_text":"","src":"https:\/\/i0.wp.com\/cfcontabil.com\/cf\/wp-content\/uploads\/2017\/02\/receita-federal-1-1.png?fit=702%2C325&ssl=1&resize=350%2C200","width":350,"height":200,"srcset":"https:\/\/i0.wp.com\/cfcontabil.com\/cf\/wp-content\/uploads\/2017\/02\/receita-federal-1-1.png?fit=702%2C325&ssl=1&resize=350%2C200 1x, https:\/\/i0.wp.com\/cfcontabil.com\/cf\/wp-content\/uploads\/2017\/02\/receita-federal-1-1.png?fit=702%2C325&ssl=1&resize=525%2C300 1.5x, https:\/\/i0.wp.com\/cfcontabil.com\/cf\/wp-content\/uploads\/2017\/02\/receita-federal-1-1.png?fit=702%2C325&ssl=1&resize=700%2C400 2x"},"classes":[]},{"id":1282,"url":"https:\/\/cfcontabil.com\/cf\/receita-federal-encaminhara-debitos-para-inscricao-em-divida-ativa-da-uniao-em-setembro\/","url_meta":{"origin":925,"position":1},"title":"Receita Federal encaminhar\u00e1 d\u00e9bitos para inscri\u00e7\u00e3o em D\u00edvida Ativa da Uni\u00e3o em setembro","author":"Ab\u00edlio Gon\u00e7alves","date":"29 de agosto de 2017","format":false,"excerpt":"A inscri\u00e7\u00e3o em d\u00edvida ativa implica a incid\u00eancias de encargos legais no \u00e2mbito da execu\u00e7\u00e3o fiscal A Receita Federal informa que no in\u00edcio de setembro de 2017 encaminhar\u00e1 para inscri\u00e7\u00e3o em D\u00edvida Ativa da Uni\u00e3o os d\u00e9bitos para os quais j\u00e1 se encerraram as a\u00e7\u00f5es administrativas de cobran\u00e7a e que\u2026","rel":"","context":"Em &quot;Departamento Fiscal&quot;","block_context":{"text":"Departamento Fiscal","link":"https:\/\/cfcontabil.com\/cf\/category\/df\/"},"img":{"alt_text":"","src":"https:\/\/i0.wp.com\/cfcontabil.com\/cf\/wp-content\/uploads\/2017\/02\/receita-federal-1-1.png?fit=702%2C325&ssl=1&resize=350%2C200","width":350,"height":200,"srcset":"https:\/\/i0.wp.com\/cfcontabil.com\/cf\/wp-content\/uploads\/2017\/02\/receita-federal-1-1.png?fit=702%2C325&ssl=1&resize=350%2C200 1x, https:\/\/i0.wp.com\/cfcontabil.com\/cf\/wp-content\/uploads\/2017\/02\/receita-federal-1-1.png?fit=702%2C325&ssl=1&resize=525%2C300 1.5x, https:\/\/i0.wp.com\/cfcontabil.com\/cf\/wp-content\/uploads\/2017\/02\/receita-federal-1-1.png?fit=702%2C325&ssl=1&resize=700%2C400 2x"},"classes":[]},{"id":1216,"url":"https:\/\/cfcontabil.com\/cf\/entenda-como-aderir-ao-programa-de-regularizacao-tributaria\/","url_meta":{"origin":925,"position":2},"title":"Entenda como aderir ao Programa de Regulariza\u00e7\u00e3o Tribut\u00e1ria","author":"Ab\u00edlio Gon\u00e7alves","date":"21 de fevereiro de 2017","format":false,"excerpt":"A op\u00e7\u00e3o pelo Programa \u00e9 feita no site da Receita Federal Com o intuito de facilitar a compreens\u00e3o das regras do Programa, foi publicado no s\u00edtio da Receita Federal, na Internet, documento contendo informa\u00e7\u00f5es b\u00e1sicas ao contribuinte, bem como um passo a passo com o roteiro para a ades\u00e3o. A\u2026","rel":"","context":"Em &quot;Departamento Fiscal&quot;","block_context":{"text":"Departamento Fiscal","link":"https:\/\/cfcontabil.com\/cf\/category\/df\/"},"img":{"alt_text":"","src":"https:\/\/i0.wp.com\/cfcontabil.com\/cf\/wp-content\/uploads\/2017\/02\/receita-federal-1-1.png?fit=702%2C325&ssl=1&resize=350%2C200","width":350,"height":200,"srcset":"https:\/\/i0.wp.com\/cfcontabil.com\/cf\/wp-content\/uploads\/2017\/02\/receita-federal-1-1.png?fit=702%2C325&ssl=1&resize=350%2C200 1x, https:\/\/i0.wp.com\/cfcontabil.com\/cf\/wp-content\/uploads\/2017\/02\/receita-federal-1-1.png?fit=702%2C325&ssl=1&resize=525%2C300 1.5x, https:\/\/i0.wp.com\/cfcontabil.com\/cf\/wp-content\/uploads\/2017\/02\/receita-federal-1-1.png?fit=702%2C325&ssl=1&resize=700%2C400 2x"},"classes":[]},{"id":1213,"url":"https:\/\/cfcontabil.com\/cf\/receita-divulga-orientacoes-para-adesao-ao-programa-de-regularizacao-tributaria\/","url_meta":{"origin":925,"position":3},"title":"Receita divulga orienta\u00e7\u00f5es para ades\u00e3o ao Programa de Regulariza\u00e7\u00e3o Tribut\u00e1ria","author":"Ab\u00edlio Gon\u00e7alves","date":"15 de fevereiro de 2017","format":false,"excerpt":"A op\u00e7\u00e3o pelo Programa ocorrer\u00e1 exclusivamente no Ambiente Virtual (e-CAC) Com o intuito de facilitar a compreens\u00e3o das regras do Programa, foi publicado no s\u00edtio da Receita Federal do Brasil, na internet, documento contendo informa\u00e7\u00f5es b\u00e1sicas ao contribuinte, bem como um passo a passo com o roteiro para a ades\u00e3o.\u2026","rel":"","context":"Em &quot;Departamento Fiscal&quot;","block_context":{"text":"Departamento Fiscal","link":"https:\/\/cfcontabil.com\/cf\/category\/df\/"},"img":{"alt_text":"","src":"https:\/\/i0.wp.com\/cfcontabil.com\/cf\/wp-content\/uploads\/2017\/01\/Moedas-1-real-1.jpg?fit=810%2C455&ssl=1&resize=350%2C200","width":350,"height":200,"srcset":"https:\/\/i0.wp.com\/cfcontabil.com\/cf\/wp-content\/uploads\/2017\/01\/Moedas-1-real-1.jpg?fit=810%2C455&ssl=1&resize=350%2C200 1x, https:\/\/i0.wp.com\/cfcontabil.com\/cf\/wp-content\/uploads\/2017\/01\/Moedas-1-real-1.jpg?fit=810%2C455&ssl=1&resize=525%2C300 1.5x, https:\/\/i0.wp.com\/cfcontabil.com\/cf\/wp-content\/uploads\/2017\/01\/Moedas-1-real-1.jpg?fit=810%2C455&ssl=1&resize=700%2C400 2x"},"classes":[]},{"id":1327,"url":"https:\/\/cfcontabil.com\/cf\/receita-federal-regulamenta-prestacoes-de-informacoes-no-ambito-do-prt\/","url_meta":{"origin":925,"position":4},"title":"Receita Federal regulamenta presta\u00e7\u00f5es de informa\u00e7\u00f5es no \u00e2mbito do PRT","author":"Ab\u00edlio Gon\u00e7alves","date":"12 de junho de 2018","format":false,"excerpt":"As informa\u00e7\u00f5es s\u00e3o necess\u00e1rias \u00e0 consolida\u00e7\u00e3o dos demais d\u00e9bitos Foi\u00a0publicada, no Di\u00e1rio Oficial da Uni\u00e3o desta\u00a0segunda-feira, dia 11 de junho, a\u00a0Instru\u00e7\u00e3o Normativa RFB n\u00ba 1.809, de 2018, que disp\u00f5e sobre a presta\u00e7\u00e3o das informa\u00e7\u00f5es necess\u00e1rias \u00e0 consolida\u00e7\u00e3o dos demais d\u00e9bitos ( n\u00e3o previdenci\u00e1rios) a serem regularizados na forma do Programa\u2026","rel":"","context":"Em &quot;Departamento Fiscal&quot;","block_context":{"text":"Departamento Fiscal","link":"https:\/\/cfcontabil.com\/cf\/category\/df\/"},"img":{"alt_text":"","src":"https:\/\/i0.wp.com\/cfcontabil.com\/cf\/wp-content\/uploads\/2017\/02\/receita-federal-1-1.png?fit=702%2C325&ssl=1&resize=350%2C200","width":350,"height":200,"srcset":"https:\/\/i0.wp.com\/cfcontabil.com\/cf\/wp-content\/uploads\/2017\/02\/receita-federal-1-1.png?fit=702%2C325&ssl=1&resize=350%2C200 1x, https:\/\/i0.wp.com\/cfcontabil.com\/cf\/wp-content\/uploads\/2017\/02\/receita-federal-1-1.png?fit=702%2C325&ssl=1&resize=525%2C300 1.5x, https:\/\/i0.wp.com\/cfcontabil.com\/cf\/wp-content\/uploads\/2017\/02\/receita-federal-1-1.png?fit=702%2C325&ssl=1&resize=700%2C400 2x"},"classes":[]},{"id":1237,"url":"https:\/\/cfcontabil.com\/cf\/adesoes-ao-prt-da-pgfn-ultrapassam-o-montante-de-r-23-bilhoes-no-primeiro-mes\/","url_meta":{"origin":925,"position":5},"title":"Ades\u00f5es ao PRT da PGFN ultrapassam o montante de R$ 2,3 bilh\u00f5es no primeiro m\u00eas","author":"Ab\u00edlio Gon\u00e7alves","date":"8 de mar\u00e7o de 2017","format":false,"excerpt":"Mais de 8 mil contribuintes aderiram ao benef\u00edcio. Atente-se para as datas. No primeiro m\u00eas de ades\u00f5es ao Programa de Regulariza\u00e7\u00e3o Tribut\u00e1ria (PRT) da Procuradoria-Geral da Fazenda Nacional (PGFN) mais de 8 mil contribuintes aderiram ao programa, o que representa um montante que supera os R$ 2,3 bilh\u00f5es. O PRT\u2026","rel":"","context":"Em &quot;Departamento Fiscal&quot;","block_context":{"text":"Departamento Fiscal","link":"https:\/\/cfcontabil.com\/cf\/category\/df\/"},"img":{"alt_text":"","src":"https:\/\/i0.wp.com\/cfcontabil.com\/cf\/wp-content\/uploads\/2017\/02\/receita-federal-1-1.png?fit=702%2C325&ssl=1&resize=350%2C200","width":350,"height":200,"srcset":"https:\/\/i0.wp.com\/cfcontabil.com\/cf\/wp-content\/uploads\/2017\/02\/receita-federal-1-1.png?fit=702%2C325&ssl=1&resize=350%2C200 1x, https:\/\/i0.wp.com\/cfcontabil.com\/cf\/wp-content\/uploads\/2017\/02\/receita-federal-1-1.png?fit=702%2C325&ssl=1&resize=525%2C300 1.5x, https:\/\/i0.wp.com\/cfcontabil.com\/cf\/wp-content\/uploads\/2017\/02\/receita-federal-1-1.png?fit=702%2C325&ssl=1&resize=700%2C400 2x"},"classes":[]}],"jetpack_likes_enabled":true,"_links":{"self":[{"href":"https:\/\/cfcontabil.com\/cf\/wp-json\/wp\/v2\/posts\/925","targetHints":{"allow":["GET"]}}],"collection":[{"href":"https:\/\/cfcontabil.com\/cf\/wp-json\/wp\/v2\/posts"}],"about":[{"href":"https:\/\/cfcontabil.com\/cf\/wp-json\/wp\/v2\/types\/post"}],"author":[{"embeddable":true,"href":"https:\/\/cfcontabil.com\/cf\/wp-json\/wp\/v2\/users\/3"}],"replies":[{"embeddable":true,"href":"https:\/\/cfcontabil.com\/cf\/wp-json\/wp\/v2\/comments?post=925"}],"version-history":[{"count":0,"href":"https:\/\/cfcontabil.com\/cf\/wp-json\/wp\/v2\/posts\/925\/revisions"}],"wp:featuredmedia":[{"embeddable":true,"href":"https:\/\/cfcontabil.com\/cf\/wp-json\/wp\/v2\/media\/695"}],"wp:attachment":[{"href":"https:\/\/cfcontabil.com\/cf\/wp-json\/wp\/v2\/media?parent=925"}],"wp:term":[{"taxonomy":"category","embeddable":true,"href":"https:\/\/cfcontabil.com\/cf\/wp-json\/wp\/v2\/categories?post=925"},{"taxonomy":"post_tag","embeddable":true,"href":"https:\/\/cfcontabil.com\/cf\/wp-json\/wp\/v2\/tags?post=925"}],"curies":[{"name":"wp","href":"https:\/\/api.w.org\/{rel}","templated":true}]}}