{"id":928,"date":"2017-02-08T04:00:41","date_gmt":"2017-02-08T06:00:41","guid":{"rendered":"http:\/\/cfcontabil.com\/cf\/?p=928"},"modified":"2017-02-08T04:00:41","modified_gmt":"2017-02-08T06:00:41","slug":"dctf-inativas-2017-entrega-na-versao-3-3b-esta-suspensa","status":"publish","type":"post","link":"https:\/\/cfcontabil.com\/cf\/dctf-inativas-2017-entrega-na-versao-3-3b-esta-suspensa\/","title":{"rendered":"DCTF Inativas 2017 &#8211; Entrega na vers\u00e3o 3.3b est\u00e1 suspensa"},"content":{"rendered":"<p style=\"text-align: justify;\">Receita Federal informou (06\/02) que o PGD DCTF est\u00e1 sendo alterado para <strong>simplificar<\/strong> o preenchimento da declara\u00e7\u00e3o pelas pessoas jur\u00eddicas inativas, incluindo a dispensa da exig\u00eancia de certificado digital, a transmiss\u00e3o de DCTF sem d\u00e9bitos referente aos per\u00edodos de apura\u00e7\u00e3o a partir de janeiro de 2017, na vers\u00e3o atual do programa (DCTF Mensal 3.3), <strong>est\u00e1 suspensa<\/strong>.<\/p>\n<p style=\"text-align: justify;\"><img fetchpriority=\"high\" decoding=\"async\" class=\"aligncenter size-full\" src=\"https:\/\/encrypted-tbn1.gstatic.com\/images?q=tbn:ANd9GcSdvFD_Lvo8x9bysLQDcx_irtcGIP-JgnnV1dINX_QLz7dUVgs9\" width=\"321\" height=\"157\" \/><\/p>\n<p style=\"text-align: justify;\">Um <strong>novo prazo ser\u00e1 divulgado<\/strong>, fique atento! Veja mais detalhes:<!--more--><\/p>\n<p style=\"text-align: justify;\">A obrigatoriedade da apresenta\u00e7\u00e3o da Declara\u00e7\u00e3o Simplificada da Pessoa Jur\u00eddica (DSPJ) &#8211; Inativa vigorou at\u00e9 a declara\u00e7\u00e3o relativa ao ano-calend\u00e1rio de 2015, conforme disposto na IN RFB n\u00ba 1605\/2015, a qual deveria ter sido entregue no per\u00edodo de 2 de janeiro a 31 de mar\u00e7o de 2016. A partir de janeiro de 2016, com a extin\u00e7\u00e3o da DSPJ &#8211; Inativa, as pessoas jur\u00eddicas inativas passaram a ser obrigadas apenas \u00e0 apresenta\u00e7\u00e3o da Declara\u00e7\u00e3o de D\u00e9bitos e Cr\u00e9ditos Tribut\u00e1rios Federais (DCTF), conforme disposto no art. 3\u00ba da IN RFB n\u00ba 1599\/2015.<\/p>\n<p style=\"text-align: justify;\">\nNa DSPJ, a inatividade era declarada no exerc\u00edcio seguinte, ou seja, uma pessoa jur\u00eddica que esteve inativa no ano-calend\u00e1rio de 2015 informou esta condi\u00e7\u00e3o \u00e0 RFB na DSPJ &#8211; Inativa 2016. Na DCTF, a inatividade \u00e9 declarada no m\u00eas de janeiro de cada ano-calend\u00e1rio, ou seja, as pessoas jur\u00eddicas que estiverem inativas no m\u00eas de janeiro devem apresentar a DCTF relativa a este m\u00eas, informando esta condi\u00e7\u00e3o, e ficam desobrigadas de apresentar a DCTF a partir de fevereiro. As pessoas jur\u00eddicas inativas devem apresentar a DCTF apenas nas hip\u00f3teses previstas no inc. III do \u00a7 2\u00ba do art. 3\u00ba da IN RFB n\u00ba 1599\/2015.<\/p>\n<p style=\"text-align: justify;\">\nExcepcionalmente para o ano-calend\u00e1rio de 2016, as pessoas jur\u00eddicas inativas deveriam apresentar a DCTF relativa ao m\u00eas de janeiro at\u00e9 21 de julho de 2016, ainda que tivessem apresentado a DSPJ &#8211; Inativa 2016, conforme disposto no art. 10-A da IN RFB n\u00ba 1599\/2015.<br \/>\nUma vez que o PGD DCTF est\u00e1 sendo alterado para simplificar o preenchimento da declara\u00e7\u00e3o pelas pessoas jur\u00eddicas inativas, incluindo a dispensa da exig\u00eancia de certificado digital, a transmiss\u00e3o de DCTF sem d\u00e9bitos referente aos per\u00edodos de apura\u00e7\u00e3o a partir de janeiro de 2017, na vers\u00e3o atual do programa (DCTF Mensal 3.3), est\u00e1 suspensa. O prazo para a apresenta\u00e7\u00e3o da DCTF relativa ao m\u00eas de janeiro de 2017 \u00e9 at\u00e9 o d\u00e9cimo quinto dia \u00fatil do m\u00eas de mar\u00e7o de 2017, por\u00e9m, para evitar transtornos, ser\u00e1 concedido, em breve, novo prazo para as pessoas jur\u00eddicas inativas.<\/p>\n<p style=\"text-align: justify;\">Fonte: <a href=\"http:\/\/idg.receita.fazenda.gov.br\/orientacao\/tributaria\/declaracoes-e-demonstrativos\/dctf-declaracao-de-debitos-e-creditos-tributarios-federais\">Receita Federal<\/a><\/p>\n","protected":false},"excerpt":{"rendered":"<p>Receita Federal informou (06\/02) que o PGD DCTF est\u00e1 sendo alterado para simplificar o preenchimento da declara\u00e7\u00e3o pelas pessoas jur\u00eddicas inativas, incluindo a dispensa da exig\u00eancia de certificado digital, a transmiss\u00e3o de DCTF sem d\u00e9bitos referente aos per\u00edodos de apura\u00e7\u00e3o a partir de janeiro de 2017, na vers\u00e3o atual do programa (DCTF Mensal 3.3), est\u00e1 [&hellip;]<\/p>\n","protected":false},"author":3,"featured_media":918,"comment_status":"open","ping_status":"open","sticky":false,"template":"","format":"standard","meta":{"jetpack_post_was_ever_published":false,"_jetpack_newsletter_access":"","_jetpack_dont_email_post_to_subs":false,"_jetpack_newsletter_tier_id":0,"_jetpack_memberships_contains_paywalled_content":false,"_jetpack_memberships_contains_paid_content":false,"footnotes":"","jetpack_publicize_message":"","jetpack_publicize_feature_enabled":true,"jetpack_social_post_already_shared":true,"jetpack_social_options":{"image_generator_settings":{"template":"highway","default_image_id":0,"font":"","enabled":false},"version":2}},"categories":[46],"tags":[375,285,123,106,286,350,376,287,365,377,378],"class_list":["post-928","post","type-post","status-publish","format-standard","has-post-thumbnail","hentry","category-df","tag-creditos","tag-dctf","tag-debitos","tag-declaracao","tag-dspj","tag-entrega","tag-federais","tag-inativa","tag-inatividade","tag-suspensa","tag-tributarios"],"jetpack_publicize_connections":[],"jetpack_featured_media_url":"https:\/\/i0.wp.com\/cfcontabil.com\/cf\/wp-content\/uploads\/2017\/02\/dctf-1.png?fit=800%2C500&ssl=1","jetpack_sharing_enabled":true,"jetpack_shortlink":"https:\/\/wp.me\/p2wklX-eY","jetpack-related-posts":[{"id":1209,"url":"https:\/\/cfcontabil.com\/cf\/dctf-dspj-inativa-alteracoes-de-regras-de-entrega-2017\/","url_meta":{"origin":928,"position":0},"title":"DCTF &#8211; DSPJ-INATIVA: Altera\u00e7\u00f5es de Regras de Entrega 2017","author":"Ab\u00edlio Gon\u00e7alves","date":"17 de janeiro de 2017","format":false,"excerpt":"A partir do ano-calend\u00e1rio de 2017, compet\u00eancia de janeiro de 2017 entregue em mar\u00e7o de 2017, todas as informa\u00e7\u00f5es relativas \u00e0 inatividade dever\u00e3o ser informadas apenas na DCTF. A Instru\u00e7\u00e3o Normativa RFB n\u00b0 1.646\/2016, publicada no DOU de 31.05.2016 altera a IN RFB n\u00b0 1.599\/2015, que disp\u00f5e sobre a Declara\u00e7\u00e3o\u2026","rel":"","context":"Em &quot;Departamento Fiscal&quot;","block_context":{"text":"Departamento Fiscal","link":"https:\/\/cfcontabil.com\/cf\/category\/df\/"},"img":{"alt_text":"","src":"https:\/\/i0.wp.com\/cfcontabil.com\/cf\/wp-content\/uploads\/2017\/01\/dspj-1.jpg?fit=825%2C367&ssl=1&resize=350%2C200","width":350,"height":200,"srcset":"https:\/\/i0.wp.com\/cfcontabil.com\/cf\/wp-content\/uploads\/2017\/01\/dspj-1.jpg?fit=825%2C367&ssl=1&resize=350%2C200 1x, https:\/\/i0.wp.com\/cfcontabil.com\/cf\/wp-content\/uploads\/2017\/01\/dspj-1.jpg?fit=825%2C367&ssl=1&resize=525%2C300 1.5x, https:\/\/i0.wp.com\/cfcontabil.com\/cf\/wp-content\/uploads\/2017\/01\/dspj-1.jpg?fit=825%2C367&ssl=1&resize=700%2C400 2x"},"classes":[]},{"id":1245,"url":"https:\/\/cfcontabil.com\/cf\/receita-federal-libera-envio-da-dctf-para-pessoas-juridicas-inativas\/","url_meta":{"origin":928,"position":1},"title":"Receita Federal libera envio da DCTF para Pessoas Jur\u00eddicas INATIVAS","author":"Ab\u00edlio Gon\u00e7alves","date":"29 de junho de 2017","format":false,"excerpt":"Envio de declara\u00e7\u00e3o de inativas, referentes ao per\u00edodo de janeiro a abril, tem que ser realizado at\u00e9 o dia 21 de julho de 2017. A Receita Federal do Brasil \u2013 RFB liberou a vers\u00e3o 3.4 do Programa Gerador da Declara\u00e7\u00e3o \u2013 PGD de D\u00e9bitos e Cr\u00e9ditos Tribut\u00e1rios Federais \u2013 DCTF\u2026","rel":"","context":"Em &quot;Departamento Fiscal&quot;","block_context":{"text":"Departamento Fiscal","link":"https:\/\/cfcontabil.com\/cf\/category\/df\/"},"img":{"alt_text":"","src":"https:\/\/i0.wp.com\/cfcontabil.com\/cf\/wp-content\/uploads\/2017\/06\/INATIVA_DCTF34-1.png?fit=1200%2C530&ssl=1&resize=350%2C200","width":350,"height":200,"srcset":"https:\/\/i0.wp.com\/cfcontabil.com\/cf\/wp-content\/uploads\/2017\/06\/INATIVA_DCTF34-1.png?fit=1200%2C530&ssl=1&resize=350%2C200 1x, https:\/\/i0.wp.com\/cfcontabil.com\/cf\/wp-content\/uploads\/2017\/06\/INATIVA_DCTF34-1.png?fit=1200%2C530&ssl=1&resize=525%2C300 1.5x, https:\/\/i0.wp.com\/cfcontabil.com\/cf\/wp-content\/uploads\/2017\/06\/INATIVA_DCTF34-1.png?fit=1200%2C530&ssl=1&resize=700%2C400 2x, https:\/\/i0.wp.com\/cfcontabil.com\/cf\/wp-content\/uploads\/2017\/06\/INATIVA_DCTF34-1.png?fit=1200%2C530&ssl=1&resize=1050%2C600 3x"},"classes":[]},{"id":1247,"url":"https:\/\/cfcontabil.com\/cf\/duvidas-sobre-dctf-inativa-2017\/","url_meta":{"origin":928,"position":2},"title":"D\u00favidas sobre DCTF Inativa 2017","author":"Ab\u00edlio Gon\u00e7alves","date":"30 de junho de 2017","format":false,"excerpt":"Com a extin\u00e7\u00e3o da Declara\u00e7\u00e3o Simplificada da Pessoa Jur\u00eddica (DSPJ-Inativa), as pessoas jur\u00eddicas inativas passaram a ser obrigadas apenas \u00e0 apresentar a Declara\u00e7\u00e3o de D\u00e9bitos e Cr\u00e9ditos Tribut\u00e1rios Federais (DCTF), conforme disposto no art. 3\u00ba da Instru\u00e7\u00e3o Normativa RFB n\u00ba 1.599\/2015. A partir da\u00ed surgiram muitas d\u00favidas entre os profissionais\u2026","rel":"","context":"Em &quot;Departamento Fiscal&quot;","block_context":{"text":"Departamento Fiscal","link":"https:\/\/cfcontabil.com\/cf\/category\/df\/"},"img":{"alt_text":"","src":"https:\/\/i0.wp.com\/cfcontabil.com\/cf\/wp-content\/uploads\/2017\/02\/dctf-1.png?fit=800%2C500&ssl=1&resize=350%2C200","width":350,"height":200,"srcset":"https:\/\/i0.wp.com\/cfcontabil.com\/cf\/wp-content\/uploads\/2017\/02\/dctf-1.png?fit=800%2C500&ssl=1&resize=350%2C200 1x, https:\/\/i0.wp.com\/cfcontabil.com\/cf\/wp-content\/uploads\/2017\/02\/dctf-1.png?fit=800%2C500&ssl=1&resize=525%2C300 1.5x, https:\/\/i0.wp.com\/cfcontabil.com\/cf\/wp-content\/uploads\/2017\/02\/dctf-1.png?fit=800%2C500&ssl=1&resize=700%2C400 2x"},"classes":[]},{"id":917,"url":"https:\/\/cfcontabil.com\/cf\/receita-esclarece-duvidas-sobre-in-1-646-dctf-dspj\/","url_meta":{"origin":928,"position":3},"title":"Receita esclarece d\u00favidas sobre IN 1.646 &#8211; DCTF \/ DSPJ","author":"Ab\u00edlio Gon\u00e7alves","date":"1 de fevereiro de 2017","format":false,"excerpt":"A Instru\u00e7\u00e3o Normativa RFB n\u00ba 1.646, de 30 de maio de 2016, realizou adequa\u00e7\u00f5es na Instru\u00e7\u00e3o Normativa RFB n\u00ba 1.599, de 11 de dezembro de 2015, que disp\u00f5e sobre a Declara\u00e7\u00e3o de D\u00e9bitos e Cr\u00e9ditos Tribut\u00e1rios Federais (DCTF), e na Instru\u00e7\u00e3o Normativa RFB n\u00ba 1.605, de 22 de dezembro de\u2026","rel":"","context":"Em &quot;Departamento Fiscal&quot;","block_context":{"text":"Departamento Fiscal","link":"https:\/\/cfcontabil.com\/cf\/category\/df\/"},"img":{"alt_text":"","src":"https:\/\/i0.wp.com\/cfcontabil.com\/cf\/wp-content\/uploads\/2017\/02\/dctf-1.png?fit=800%2C500&ssl=1&resize=350%2C200","width":350,"height":200,"srcset":"https:\/\/i0.wp.com\/cfcontabil.com\/cf\/wp-content\/uploads\/2017\/02\/dctf-1.png?fit=800%2C500&ssl=1&resize=350%2C200 1x, https:\/\/i0.wp.com\/cfcontabil.com\/cf\/wp-content\/uploads\/2017\/02\/dctf-1.png?fit=800%2C500&ssl=1&resize=525%2C300 1.5x, https:\/\/i0.wp.com\/cfcontabil.com\/cf\/wp-content\/uploads\/2017\/02\/dctf-1.png?fit=800%2C500&ssl=1&resize=700%2C400 2x"},"classes":[]},{"id":1188,"url":"https:\/\/cfcontabil.com\/cf\/baixe-o-pgd-dctf-inativa-v3-4-inativa\/","url_meta":{"origin":928,"position":4},"title":"Baixe o PGD DCTF Inativa v3.4 (Inativa)","author":"Ab\u00edlio Gon\u00e7alves","date":"19 de junho de 2017","format":false,"excerpt":"Ap\u00f3s dois adiamentos de prazos e muito estresse para contabilistas e respons\u00e1veis pelos departamentos tribut\u00e1rios das empresas, foi aprovado a\u00a0vers\u00e3o 3.4 do Programa Gerador da Declara\u00e7\u00e3o (PGD) de D\u00e9bitos e Cr\u00e9ditos Tribut\u00e1rios Federais (DCTF) Mensal que inclui a informa\u00e7\u00e3o de empresa inativa. Neste programa, houve a inclus\u00e3o da Caixa de\u2026","rel":"","context":"Em &quot;Departamento Fiscal&quot;","block_context":{"text":"Departamento Fiscal","link":"https:\/\/cfcontabil.com\/cf\/category\/df\/"},"img":{"alt_text":"","src":"https:\/\/i0.wp.com\/cfcontabil.com\/cf\/wp-content\/uploads\/2017\/06\/download-1.png?fit=1200%2C544&ssl=1&resize=350%2C200","width":350,"height":200,"srcset":"https:\/\/i0.wp.com\/cfcontabil.com\/cf\/wp-content\/uploads\/2017\/06\/download-1.png?fit=1200%2C544&ssl=1&resize=350%2C200 1x, https:\/\/i0.wp.com\/cfcontabil.com\/cf\/wp-content\/uploads\/2017\/06\/download-1.png?fit=1200%2C544&ssl=1&resize=525%2C300 1.5x, https:\/\/i0.wp.com\/cfcontabil.com\/cf\/wp-content\/uploads\/2017\/06\/download-1.png?fit=1200%2C544&ssl=1&resize=700%2C400 2x, https:\/\/i0.wp.com\/cfcontabil.com\/cf\/wp-content\/uploads\/2017\/06\/download-1.png?fit=1200%2C544&ssl=1&resize=1050%2C600 3x"},"classes":[]},{"id":1243,"url":"https:\/\/cfcontabil.com\/cf\/dctf-inativa-no-pgd-versao-3-4-bloqueada-ate-30-06\/","url_meta":{"origin":928,"position":5},"title":"DCTF INATIVA NO PGD VERS\u00c3O 3.4 BLOQUEADA AT\u00c9 30.06","author":"Ab\u00edlio Gon\u00e7alves","date":"28 de junho de 2017","format":false,"excerpt":"A libera\u00e7\u00e3o da RFB para a entrega das empresas inativas pela DCTF foi novamente adiada para at\u00e9 dia 30.06.2017 e desde ent\u00e3o surgiram muitas d\u00favidas sobre como preencher e transmitir a declara\u00e7\u00e3o, por isso fizemos um passo-a-passo, para adiantar o trabalho neste curto per\u00edodo para transmiss\u00e3o, pois para 2017, o\u2026","rel":"","context":"Em &quot;Departamento Fiscal&quot;","block_context":{"text":"Departamento Fiscal","link":"https:\/\/cfcontabil.com\/cf\/category\/df\/"},"img":{"alt_text":"","src":"https:\/\/i0.wp.com\/cfcontabil.com\/cf\/wp-content\/uploads\/2017\/06\/INATIVA_DCTF34-1.png?fit=1200%2C530&ssl=1&resize=350%2C200","width":350,"height":200,"srcset":"https:\/\/i0.wp.com\/cfcontabil.com\/cf\/wp-content\/uploads\/2017\/06\/INATIVA_DCTF34-1.png?fit=1200%2C530&ssl=1&resize=350%2C200 1x, https:\/\/i0.wp.com\/cfcontabil.com\/cf\/wp-content\/uploads\/2017\/06\/INATIVA_DCTF34-1.png?fit=1200%2C530&ssl=1&resize=525%2C300 1.5x, https:\/\/i0.wp.com\/cfcontabil.com\/cf\/wp-content\/uploads\/2017\/06\/INATIVA_DCTF34-1.png?fit=1200%2C530&ssl=1&resize=700%2C400 2x, https:\/\/i0.wp.com\/cfcontabil.com\/cf\/wp-content\/uploads\/2017\/06\/INATIVA_DCTF34-1.png?fit=1200%2C530&ssl=1&resize=1050%2C600 3x"},"classes":[]}],"jetpack_likes_enabled":true,"_links":{"self":[{"href":"https:\/\/cfcontabil.com\/cf\/wp-json\/wp\/v2\/posts\/928","targetHints":{"allow":["GET"]}}],"collection":[{"href":"https:\/\/cfcontabil.com\/cf\/wp-json\/wp\/v2\/posts"}],"about":[{"href":"https:\/\/cfcontabil.com\/cf\/wp-json\/wp\/v2\/types\/post"}],"author":[{"embeddable":true,"href":"https:\/\/cfcontabil.com\/cf\/wp-json\/wp\/v2\/users\/3"}],"replies":[{"embeddable":true,"href":"https:\/\/cfcontabil.com\/cf\/wp-json\/wp\/v2\/comments?post=928"}],"version-history":[{"count":0,"href":"https:\/\/cfcontabil.com\/cf\/wp-json\/wp\/v2\/posts\/928\/revisions"}],"wp:featuredmedia":[{"embeddable":true,"href":"https:\/\/cfcontabil.com\/cf\/wp-json\/wp\/v2\/media\/918"}],"wp:attachment":[{"href":"https:\/\/cfcontabil.com\/cf\/wp-json\/wp\/v2\/media?parent=928"}],"wp:term":[{"taxonomy":"category","embeddable":true,"href":"https:\/\/cfcontabil.com\/cf\/wp-json\/wp\/v2\/categories?post=928"},{"taxonomy":"post_tag","embeddable":true,"href":"https:\/\/cfcontabil.com\/cf\/wp-json\/wp\/v2\/tags?post=928"}],"curies":[{"name":"wp","href":"https:\/\/api.w.org\/{rel}","templated":true}]}}