{"id":931,"date":"2017-02-09T12:00:24","date_gmt":"2017-02-09T14:00:24","guid":{"rendered":"http:\/\/cfcontabil.com\/cf\/?p=931"},"modified":"2017-02-09T12:00:24","modified_gmt":"2017-02-09T14:00:24","slug":"publicacao-de-nova-versao-do-programa-da-ecd","status":"publish","type":"post","link":"https:\/\/cfcontabil.com\/cf\/publicacao-de-nova-versao-do-programa-da-ecd\/","title":{"rendered":"Publica\u00e7\u00e3o de Nova Vers\u00e3o do Programa da ECD"},"content":{"rendered":"<p style=\"text-align: justify;\">Vers\u00e3o 4.0.0 do programa da ECD<\/p>\n<p>Foi publicada a vers\u00e3o 4.0.0 do programa da ECD com as altera\u00e7\u00f5es referentes ao leiaute 5, publicado no Manual da ECD anexo ao Ato Declarat\u00f3rio Executivo n\u00b0 93\/2016.<\/p>\n<p>A vers\u00e3o 4.0.0 deve ser utilizada para a transmiss\u00e3o de todos os leiautes.<\/p>\n<p>A transmiss\u00e3o da ECD na vers\u00e3o 4.0.0 ser\u00e1 liberada a partir de 00:00 do dia 07\/02\/2017.<em>Fonte:\u00a0Portal do SPED de 06.02.2017<\/em><\/p>\n","protected":false},"excerpt":{"rendered":"<p>Vers\u00e3o 4.0.0 do programa da ECD Foi publicada a vers\u00e3o 4.0.0 do programa da ECD com as altera\u00e7\u00f5es referentes ao leiaute 5, publicado no Manual da ECD anexo ao Ato Declarat\u00f3rio Executivo n\u00b0 93\/2016. A vers\u00e3o 4.0.0 deve ser utilizada para a transmiss\u00e3o de todos os leiautes. A transmiss\u00e3o da ECD na vers\u00e3o 4.0.0 ser\u00e1 [&hellip;]<\/p>\n","protected":false},"author":3,"featured_media":932,"comment_status":"open","ping_status":"open","sticky":false,"template":"","format":"standard","meta":{"jetpack_post_was_ever_published":false,"_jetpack_newsletter_access":"","_jetpack_dont_email_post_to_subs":false,"_jetpack_newsletter_tier_id":0,"_jetpack_memberships_contains_paywalled_content":false,"_jetpack_memberships_contains_paid_content":false,"footnotes":"","jetpack_publicize_message":"#Nova #Vers\u00e3o do Programa da #ECD","jetpack_publicize_feature_enabled":true,"jetpack_social_post_already_shared":true,"jetpack_social_options":{"image_generator_settings":{"template":"highway","default_image_id":0,"font":"","enabled":false},"version":2}},"categories":[46],"tags":[106,379,367,188],"class_list":["post-931","post","type-post","status-publish","format-standard","has-post-thumbnail","hentry","category-df","tag-declaracao","tag-ecd","tag-pgd","tag-programa"],"jetpack_publicize_connections":[],"jetpack_featured_media_url":"https:\/\/i0.wp.com\/cfcontabil.com\/cf\/wp-content\/uploads\/2017\/02\/ecd-1.jpg?fit=870%2C371&ssl=1","jetpack_sharing_enabled":true,"jetpack_shortlink":"https:\/\/wp.me\/p2wklX-f1","jetpack-related-posts":[{"id":2853,"url":"https:\/\/cfcontabil.com\/cf\/dirf-dasn-ecf-ecd-as-principais-declaracoes-anuais-para-empresas\/","url_meta":{"origin":931,"position":0},"title":"DIRF, DASN, ECF, ECD: as principais declara\u00e7\u00f5es anuais para empresas","author":"Ab\u00edlio Gon\u00e7alves","date":"23 de fevereiro de 2023","format":false,"excerpt":"As empresas s\u00e3o obrigadas a fornecer v\u00e1rias declara\u00e7\u00f5es anuais ao governo para cumprir suas obriga\u00e7\u00f5es fiscais e cont\u00e1beis.","rel":"","context":"Em &quot;Geral&quot;","block_context":{"text":"Geral","link":"https:\/\/cfcontabil.com\/cf\/category\/geral\/"},"img":{"alt_text":"Free business woman with laptop","src":"https:\/\/i0.wp.com\/cfcontabil.com\/cf\/wp-content\/uploads\/2023\/02\/czNmcy1wcml2YXRlL3Jhd3BpeGVsX2ltYWdlcy93ZWJzaXRlX2NvbnRlbnQvbHIvbnMxODExLWltYWdlLWt3dnljbzN4LmpwZw.jpg?fit=1200%2C900&ssl=1&resize=350%2C200","width":350,"height":200,"srcset":"https:\/\/i0.wp.com\/cfcontabil.com\/cf\/wp-content\/uploads\/2023\/02\/czNmcy1wcml2YXRlL3Jhd3BpeGVsX2ltYWdlcy93ZWJzaXRlX2NvbnRlbnQvbHIvbnMxODExLWltYWdlLWt3dnljbzN4LmpwZw.jpg?fit=1200%2C900&ssl=1&resize=350%2C200 1x, https:\/\/i0.wp.com\/cfcontabil.com\/cf\/wp-content\/uploads\/2023\/02\/czNmcy1wcml2YXRlL3Jhd3BpeGVsX2ltYWdlcy93ZWJzaXRlX2NvbnRlbnQvbHIvbnMxODExLWltYWdlLWt3dnljbzN4LmpwZw.jpg?fit=1200%2C900&ssl=1&resize=525%2C300 1.5x, https:\/\/i0.wp.com\/cfcontabil.com\/cf\/wp-content\/uploads\/2023\/02\/czNmcy1wcml2YXRlL3Jhd3BpeGVsX2ltYWdlcy93ZWJzaXRlX2NvbnRlbnQvbHIvbnMxODExLWltYWdlLWt3dnljbzN4LmpwZw.jpg?fit=1200%2C900&ssl=1&resize=700%2C400 2x, https:\/\/i0.wp.com\/cfcontabil.com\/cf\/wp-content\/uploads\/2023\/02\/czNmcy1wcml2YXRlL3Jhd3BpeGVsX2ltYWdlcy93ZWJzaXRlX2NvbnRlbnQvbHIvbnMxODExLWltYWdlLWt3dnljbzN4LmpwZw.jpg?fit=1200%2C900&ssl=1&resize=1050%2C600 3x"},"classes":[]},{"id":1267,"url":"https:\/\/cfcontabil.com\/cf\/termina-em-31-de-julho-prazo-de-entrega-da-escrituracao-contabil-fiscal\/","url_meta":{"origin":931,"position":1},"title":"Termina em 31 de julho prazo de entrega da Escritura\u00e7\u00e3o Cont\u00e1bil Fiscal","author":"Ab\u00edlio Gon\u00e7alves","date":"28 de julho de 2017","format":false,"excerpt":"Diretor da Fenacon recomenda que n\u00e3o seja deixada para o \u00faltimo dia Empresas que n\u00e3o enviarem as informa\u00e7\u00f5es \u00e0 Receita Federal at\u00e9 a data final ficar\u00e3o impedidas de emitir certid\u00e3o negativa de d\u00e9bitos e ter\u00e3o de pagar multa O prazo de entrega da Escritura\u00e7\u00e3o Cont\u00e1bil Fiscal (ECF) termina no \u00faltimo\u2026","rel":"","context":"Em &quot;Departamento Fiscal&quot;","block_context":{"text":"Departamento Fiscal","link":"https:\/\/cfcontabil.com\/cf\/category\/df\/"},"img":{"alt_text":"","src":"https:\/\/i0.wp.com\/cfcontabil.com\/cf\/wp-content\/uploads\/2017\/07\/ecf-1406658540-1-1.jpg?fit=800%2C588&ssl=1&resize=350%2C200","width":350,"height":200,"srcset":"https:\/\/i0.wp.com\/cfcontabil.com\/cf\/wp-content\/uploads\/2017\/07\/ecf-1406658540-1-1.jpg?fit=800%2C588&ssl=1&resize=350%2C200 1x, https:\/\/i0.wp.com\/cfcontabil.com\/cf\/wp-content\/uploads\/2017\/07\/ecf-1406658540-1-1.jpg?fit=800%2C588&ssl=1&resize=525%2C300 1.5x, https:\/\/i0.wp.com\/cfcontabil.com\/cf\/wp-content\/uploads\/2017\/07\/ecf-1406658540-1-1.jpg?fit=800%2C588&ssl=1&resize=700%2C400 2x"},"classes":[]},{"id":2125,"url":"https:\/\/cfcontabil.com\/cf\/mudanca-na-assinatura-digital-na-junta-comercial-drei-n-075-2020\/","url_meta":{"origin":931,"position":2},"title":"MUDAN\u00c7A NA ASSINATURA DIGITAL NA JUNTA COMERCIAL &#8211; DREI N\u00b0 075\/2020","author":"Ab\u00edlio Gon\u00e7alves","date":"27 de fevereiro de 2020","format":false,"excerpt":"ASSINATURA DIGITAL DE ATOS E DOCUMENTOS LEVADOS A REGISTRO NA JUNTA COMERCIAL - DREI N\u00b0 075\/2020 Foi publicada no D.O.U (19.02.2020) a Instru\u00e7\u00e3o Normativa DREI n\u00b0 75\/2020\u00a0que trata sobre a assinatura digital de atos e documentos levados a registro na Junta Comercial, onde,\u00a0a partir de 02.03.2020, passa a ser aceita\u2026","rel":"","context":"Em &quot;Consultoria Empresarial&quot;","block_context":{"text":"Consultoria Empresarial","link":"https:\/\/cfcontabil.com\/cf\/category\/consultoria\/"},"img":{"alt_text":"","src":"https:\/\/i0.wp.com\/cfcontabil.com\/cf\/wp-content\/uploads\/2020\/02\/Assinatura-digital-Junta-Comercial-2.jpeg?fit=1080%2C1080&ssl=1&resize=350%2C200","width":350,"height":200,"srcset":"https:\/\/i0.wp.com\/cfcontabil.com\/cf\/wp-content\/uploads\/2020\/02\/Assinatura-digital-Junta-Comercial-2.jpeg?fit=1080%2C1080&ssl=1&resize=350%2C200 1x, https:\/\/i0.wp.com\/cfcontabil.com\/cf\/wp-content\/uploads\/2020\/02\/Assinatura-digital-Junta-Comercial-2.jpeg?fit=1080%2C1080&ssl=1&resize=525%2C300 1.5x, https:\/\/i0.wp.com\/cfcontabil.com\/cf\/wp-content\/uploads\/2020\/02\/Assinatura-digital-Junta-Comercial-2.jpeg?fit=1080%2C1080&ssl=1&resize=700%2C400 2x, https:\/\/i0.wp.com\/cfcontabil.com\/cf\/wp-content\/uploads\/2020\/02\/Assinatura-digital-Junta-Comercial-2.jpeg?fit=1080%2C1080&ssl=1&resize=1050%2C600 3x"},"classes":[]},{"id":2012,"url":"https:\/\/cfcontabil.com\/cf\/receita-federal-notifica-179-mil-empresas-de-todo-pais-por-divergencias-no-irpj-e-na-csll\/","url_meta":{"origin":931,"position":3},"title":"Receita Federal notifica 17,9 mil empresas de todo pa\u00eds por diverg\u00eancias no IRPJ e na CSLL","author":"Ab\u00edlio Gon\u00e7alves","date":"13 de dezembro de 2019","format":false,"excerpt":"Empresas poder\u00e3o recolher os valores devidos at\u00e9 31 de janeiro. Se n\u00e3o se regularizarem, multa prevista vai de 75% a 225%, al\u00e9m dos juros de mora. A Secretaria da Receita Federal informou nesta quinta-feira (12) que notificou 17.934 empresas de todo o pa\u00eds para pagar diferen\u00e7as relativas ao recolhimento de\u2026","rel":"","context":"Em &quot;Departamento Fiscal&quot;","block_context":{"text":"Departamento Fiscal","link":"https:\/\/cfcontabil.com\/cf\/category\/df\/"},"img":{"alt_text":"","src":"https:\/\/i0.wp.com\/cfcontabil.com\/cf\/wp-content\/uploads\/2019\/12\/imposto-renda.png?fit=1200%2C768&ssl=1&resize=350%2C200","width":350,"height":200,"srcset":"https:\/\/i0.wp.com\/cfcontabil.com\/cf\/wp-content\/uploads\/2019\/12\/imposto-renda.png?fit=1200%2C768&ssl=1&resize=350%2C200 1x, https:\/\/i0.wp.com\/cfcontabil.com\/cf\/wp-content\/uploads\/2019\/12\/imposto-renda.png?fit=1200%2C768&ssl=1&resize=525%2C300 1.5x, https:\/\/i0.wp.com\/cfcontabil.com\/cf\/wp-content\/uploads\/2019\/12\/imposto-renda.png?fit=1200%2C768&ssl=1&resize=700%2C400 2x, https:\/\/i0.wp.com\/cfcontabil.com\/cf\/wp-content\/uploads\/2019\/12\/imposto-renda.png?fit=1200%2C768&ssl=1&resize=1050%2C600 3x"},"classes":[]},{"id":1745,"url":"https:\/\/cfcontabil.com\/cf\/esocial-define-datas-para-implantacao-de-alteracoes-no-novo-sistema\/","url_meta":{"origin":931,"position":4},"title":"eSocial define datas para implanta\u00e7\u00e3o de altera\u00e7\u00f5es no novo sistema","author":"Ab\u00edlio Gon\u00e7alves","date":"10 de outubro de 2019","format":false,"excerpt":"O\u00a0eSocial\u00a0divulgou nesta quinta-feira,10, a\u00a0Nota T\u00e9cnica 15\/2019\u00a0que traz a previs\u00e3o de implanta\u00e7\u00e3o da Escritura\u00e7\u00e3o Digital das Obriga\u00e7\u00f5es Fiscais, Previdenci\u00e1rias e Trabalhistas \u2013\u00a0eSocial\u00a0nos ambientes de produ\u00e7\u00e3o e teste. A nota tem como objetivo implantar as primeiras medidas de simplifica\u00e7\u00e3o e\u00a0 moderniza\u00e7\u00e3o do\u00a0eSocial,\u00a0conforme disposto no art. 9\u00ba da\u00a0Portaria 300\/2019.\u00a0 Al\u00e9m disso, a revis\u00e3o\u2026","rel":"","context":"Em &quot;Departamento Pessoal&quot;","block_context":{"text":"Departamento Pessoal","link":"https:\/\/cfcontabil.com\/cf\/category\/dp\/"},"img":{"alt_text":"","src":"https:\/\/i0.wp.com\/cfcontabil.com\/cf\/wp-content\/uploads\/2018\/10\/esocial-24-09-2-750x430-1.jpg?fit=750%2C430&ssl=1&resize=350%2C200","width":350,"height":200,"srcset":"https:\/\/i0.wp.com\/cfcontabil.com\/cf\/wp-content\/uploads\/2018\/10\/esocial-24-09-2-750x430-1.jpg?fit=750%2C430&ssl=1&resize=350%2C200 1x, https:\/\/i0.wp.com\/cfcontabil.com\/cf\/wp-content\/uploads\/2018\/10\/esocial-24-09-2-750x430-1.jpg?fit=750%2C430&ssl=1&resize=525%2C300 1.5x, https:\/\/i0.wp.com\/cfcontabil.com\/cf\/wp-content\/uploads\/2018\/10\/esocial-24-09-2-750x430-1.jpg?fit=750%2C430&ssl=1&resize=700%2C400 2x"},"classes":[]},{"id":1248,"url":"https:\/\/cfcontabil.com\/cf\/erro-de-transmissao-da-dctf-inativa\/","url_meta":{"origin":931,"position":5},"title":"Erro de transmiss\u00e3o da DCTF Inativa","author":"Ab\u00edlio Gon\u00e7alves","date":"3 de julho de 2017","format":false,"excerpt":"Muitos contadores hoje est\u00e3o apreensivos, pois o prazo de entrega est\u00e1 a menos de 18 dias para encerrar e ao tentar enviar a\u00a0DCTF\u00a0Mensal, aparece a seguinte mensagem de erro: ERRO! Validador DCTF A TRANSMISS\u00c3O N\u00c3O FOI CONCLU\u00cdDA. A partir de 1\u00ba de janeiro de 2014, as pessoas jur\u00eddicas que n\u00e3o\u2026","rel":"","context":"Em &quot;Departamento Fiscal&quot;","block_context":{"text":"Departamento Fiscal","link":"https:\/\/cfcontabil.com\/cf\/category\/df\/"},"img":{"alt_text":"","src":"https:\/\/i0.wp.com\/cfcontabil.com\/cf\/wp-content\/uploads\/2017\/07\/Captura-de-Tela-249.png?resize=350%2C200","width":350,"height":200,"srcset":"https:\/\/i0.wp.com\/cfcontabil.com\/cf\/wp-content\/uploads\/2017\/07\/Captura-de-Tela-249.png?resize=350%2C200 1x, https:\/\/i0.wp.com\/cfcontabil.com\/cf\/wp-content\/uploads\/2017\/07\/Captura-de-Tela-249.png?resize=525%2C300 1.5x, https:\/\/i0.wp.com\/cfcontabil.com\/cf\/wp-content\/uploads\/2017\/07\/Captura-de-Tela-249.png?resize=700%2C400 2x, https:\/\/i0.wp.com\/cfcontabil.com\/cf\/wp-content\/uploads\/2017\/07\/Captura-de-Tela-249.png?resize=1050%2C600 3x"},"classes":[]}],"jetpack_likes_enabled":true,"_links":{"self":[{"href":"https:\/\/cfcontabil.com\/cf\/wp-json\/wp\/v2\/posts\/931","targetHints":{"allow":["GET"]}}],"collection":[{"href":"https:\/\/cfcontabil.com\/cf\/wp-json\/wp\/v2\/posts"}],"about":[{"href":"https:\/\/cfcontabil.com\/cf\/wp-json\/wp\/v2\/types\/post"}],"author":[{"embeddable":true,"href":"https:\/\/cfcontabil.com\/cf\/wp-json\/wp\/v2\/users\/3"}],"replies":[{"embeddable":true,"href":"https:\/\/cfcontabil.com\/cf\/wp-json\/wp\/v2\/comments?post=931"}],"version-history":[{"count":0,"href":"https:\/\/cfcontabil.com\/cf\/wp-json\/wp\/v2\/posts\/931\/revisions"}],"wp:featuredmedia":[{"embeddable":true,"href":"https:\/\/cfcontabil.com\/cf\/wp-json\/wp\/v2\/media\/932"}],"wp:attachment":[{"href":"https:\/\/cfcontabil.com\/cf\/wp-json\/wp\/v2\/media?parent=931"}],"wp:term":[{"taxonomy":"category","embeddable":true,"href":"https:\/\/cfcontabil.com\/cf\/wp-json\/wp\/v2\/categories?post=931"},{"taxonomy":"post_tag","embeddable":true,"href":"https:\/\/cfcontabil.com\/cf\/wp-json\/wp\/v2\/tags?post=931"}],"curies":[{"name":"wp","href":"https:\/\/api.w.org\/{rel}","templated":true}]}}