{"id":954,"date":"2017-02-16T05:00:00","date_gmt":"2017-02-16T07:00:00","guid":{"rendered":"http:\/\/cfcontabil.com\/cf\/?p=954"},"modified":"2017-02-16T05:00:00","modified_gmt":"2017-02-16T07:00:00","slug":"abono-salarial-do-pis-ano-base-2015-comeca-a-ser-pago-na-quinta-feira-16-para-nascidos-em-marco-e-abril","status":"publish","type":"post","link":"https:\/\/cfcontabil.com\/cf\/abono-salarial-do-pis-ano-base-2015-comeca-a-ser-pago-na-quinta-feira-16-para-nascidos-em-marco-e-abril\/","title":{"rendered":"Abono salarial do PIS ano-base 2015 come\u00e7a a ser pago na quinta-feira (16) para nascidos em mar\u00e7o e abril"},"content":{"rendered":"<p style=\"text-align: justify;\">Tamb\u00e9m recebem a partir desta data servidores p\u00fablicos benefici\u00e1rios do Pasep com inscri\u00e7\u00f5es de final 6 e 7<\/p>\n<p>O Minist\u00e9rio do Trabalho libera a partir de quinta-feira (16) o pagamento do Abono Salarial do PIS\/Pasep ano-base 2015 para os trabalhadores nascidos nos meses de mar\u00e7o e abril. Tamb\u00e9m a partir desta data ser\u00e3o pagos os servidores p\u00fablicos com inscri\u00e7\u00f5es de final 6 e 7. Os trabalhadores da iniciativa privada poder\u00e3o retirar o dinheiro em qualquer ag\u00eancia da Caixa do pa\u00eds. Os servidores sacam o valor no Banco do Brasil.<!--more--><\/p>\n<p style=\"text-align: justify;\">Tem direito ao abono ano-base 2015 quem trabalhou com carteira assinada por pelo menos um m\u00eas naquele ano e teve remunera\u00e7\u00e3o m\u00e9dia mensal de at\u00e9 dois sal\u00e1rios m\u00ednimos. Al\u00e9m disso, o trabalhador tinha que estar inscrito no PIS\/Pasep h\u00e1 pelo menos cinco anos e ter tido seus dados corretamente informados pelo empregador na Rela\u00e7\u00e3o Anual de Informa\u00e7\u00f5es Sociais (RAIS).<\/p>\n<p>O valor do abono \u00e9 baseado no sal\u00e1rio m\u00ednimo vigente, que este ano est\u00e1 fixado em R$ 937, e \u00e9 proporcional aos meses trabalhados durante o ano-base. Quem trabalhou durante apenas um m\u00eas, receber\u00e1 o equivalente a 1\/12 do sal\u00e1rio m\u00ednimo, e assim sucessivamente. Para receber o valor integral \u00e9 preciso ter trabalhado formalmente durante todo o ano de 2015.<\/p>\n<p>O recurso ficar\u00e1 dispon\u00edvel para saque at\u00e9 30 de junho de 2017. Depois dessa data, o dinheiro retornar\u00e1 para o Fundo de Amparo ao Trabalhador (FAT).<\/p>\n<p>Informa\u00e7\u00f5es por telefone<\/p>\n<p>Al\u00f4 Trabalho do Minist\u00e9rio do Trabalho: 158<br \/>\n\u2022 Caixa: 0800-726 02 07<br \/>\n\u2022 Banco do Brasil: 0800-729 00 01<\/p>\n<p>As liga\u00e7\u00f5es s\u00e3o gratuitas de telefone fixo e podem ser feitas de qualquer cidade brasileira.<\/p>\n<p>Fonte: www.mte.gov.br<\/p>\n","protected":false},"excerpt":{"rendered":"<p>Tamb\u00e9m recebem a partir desta data servidores p\u00fablicos benefici\u00e1rios do Pasep com inscri\u00e7\u00f5es de final 6 e 7 O Minist\u00e9rio do Trabalho libera a partir de quinta-feira (16) o pagamento do Abono Salarial do PIS\/Pasep ano-base 2015 para os trabalhadores nascidos nos meses de mar\u00e7o e abril. Tamb\u00e9m a partir desta data ser\u00e3o pagos os [&hellip;]<\/p>\n","protected":false},"author":3,"featured_media":695,"comment_status":"open","ping_status":"open","sticky":false,"template":"","format":"standard","meta":{"jetpack_post_was_ever_published":false,"_jetpack_newsletter_access":"","_jetpack_dont_email_post_to_subs":false,"_jetpack_newsletter_tier_id":0,"_jetpack_memberships_contains_paywalled_content":false,"_jetpack_memberships_contains_paid_content":false,"footnotes":"","jetpack_publicize_message":"Abono salarial do PIS ano-base 2015 come\u00e7a a ser pago na quinta-feira (16) para nascidos em mar\u00e7o e abril","jetpack_publicize_feature_enabled":true,"jetpack_social_post_already_shared":true,"jetpack_social_options":{"image_generator_settings":{"template":"highway","default_image_id":0,"font":"","enabled":false},"version":2}},"categories":[22],"tags":[],"class_list":["post-954","post","type-post","status-publish","format-standard","has-post-thumbnail","hentry","category-geral"],"jetpack_publicize_connections":[],"jetpack_featured_media_url":"https:\/\/i0.wp.com\/cfcontabil.com\/cf\/wp-content\/uploads\/2016\/03\/dinheiro-1.jpg?fit=661%2C351&ssl=1","jetpack_sharing_enabled":true,"jetpack_shortlink":"https:\/\/wp.me\/p2wklX-fo","jetpack-related-posts":[{"id":911,"url":"https:\/\/cfcontabil.com\/cf\/pispasep-4611-dos-trabalhadores-sacaram-o-abono-salarial-ano-base-2015\/","url_meta":{"origin":954,"position":0},"title":"PIS\/PASEP. 46,11% dos trabalhadores sacaram o Abono Salarial ano-base 2015","author":"Ab\u00edlio Gon\u00e7alves","date":"3 de fevereiro de 2017","format":false,"excerpt":"Pagamentos est\u00e3o sendo feitos conforme calend\u00e1rio estabelecido pelo Conselho Deliberativo do Fundo de Amparo ao Trabalhador (Codefat) Cerca de 11,2 milh\u00f5es de trabalhadores sacaram o Abono Salarial do PIS\/Pasep ano-base 2015, que come\u00e7ou a ser pago em julho do ano passado. Isso corresponde a 46,11% do total de pessoas com\u2026","rel":"","context":"Em &quot;Departamento Pessoal&quot;","block_context":{"text":"Departamento Pessoal","link":"https:\/\/cfcontabil.com\/cf\/category\/dp\/"},"img":{"alt_text":"","src":"https:\/\/i0.wp.com\/cfcontabil.com\/cf\/wp-content\/uploads\/2017\/01\/cartao_do_cidadao-1.png?fit=460%2C322&ssl=1&resize=350%2C200","width":350,"height":200},"classes":[]},{"id":1047,"url":"https:\/\/cfcontabil.com\/cf\/rais-2016-declaracao-garante-pagamento-de-beneficios\/","url_meta":{"origin":954,"position":1},"title":"RAIS 2016 &#8211; Declara\u00e7\u00e3o garante pagamento de benef\u00edcios","author":"Ab\u00edlio Gon\u00e7alves","date":"10 de mar\u00e7o de 2017","format":false,"excerpt":"Abono Salarial, FGTS e INSS s\u00e3o algumas das informa\u00e7\u00f5es que podem ser checadas pela RAIS. O prazo para entregar a Rela\u00e7\u00e3o Anual de Informa\u00e7\u00f5es Sociais (RAIS) de 2016 termina no pr\u00f3ximo dia 17 de mar\u00e7o.\u00a0 Os contribuintes com CNPJ ativo na Receita Federal em 2016, incluindo os Microempreendedores Individuais (MEI)\u2026","rel":"","context":"Em &quot;Departamento Pessoal&quot;","block_context":{"text":"Departamento Pessoal","link":"https:\/\/cfcontabil.com\/cf\/category\/dp\/"},"img":{"alt_text":"","src":"https:\/\/i0.wp.com\/cfcontabil.com\/cf\/wp-content\/uploads\/2017\/01\/rais-1280x720-1.jpg?fit=1200%2C675&ssl=1&resize=350%2C200","width":350,"height":200,"srcset":"https:\/\/i0.wp.com\/cfcontabil.com\/cf\/wp-content\/uploads\/2017\/01\/rais-1280x720-1.jpg?fit=1200%2C675&ssl=1&resize=350%2C200 1x, https:\/\/i0.wp.com\/cfcontabil.com\/cf\/wp-content\/uploads\/2017\/01\/rais-1280x720-1.jpg?fit=1200%2C675&ssl=1&resize=525%2C300 1.5x, https:\/\/i0.wp.com\/cfcontabil.com\/cf\/wp-content\/uploads\/2017\/01\/rais-1280x720-1.jpg?fit=1200%2C675&ssl=1&resize=700%2C400 2x, https:\/\/i0.wp.com\/cfcontabil.com\/cf\/wp-content\/uploads\/2017\/01\/rais-1280x720-1.jpg?fit=1200%2C675&ssl=1&resize=1050%2C600 3x"},"classes":[]},{"id":1341,"url":"https:\/\/cfcontabil.com\/cf\/servidor-municipal-tera-que-atualizar-dados-no-esocial-para-manter-salario\/","url_meta":{"origin":954,"position":2},"title":"Servidor municipal ter\u00e1 que atualizar dados no eSocial para manter sal\u00e1rio","author":"Ab\u00edlio Gon\u00e7alves","date":"13 de julho de 2018","format":false,"excerpt":"Para evitar dor de cabe\u00e7a, orienta\u00e7\u00e3o \u00e9 para que servidores confiram informa\u00e7\u00f5es no site do eSocial -\u00a0DIVULGA\u00c7\u00c3O Rio - Os servidores da ativa, aposentados e pensionistas da Prefeitura do Rio t\u00eam at\u00e9 o fim deste ano para atualizar informa\u00e7\u00f5es cadastrais \u2014 como CPF e n\u00famero do PIS \u2014 no eSocial,\u2026","rel":"","context":"Em &quot;Departamento Pessoal&quot;","block_context":{"text":"Departamento Pessoal","link":"https:\/\/cfcontabil.com\/cf\/category\/dp\/"},"img":{"alt_text":"","src":"https:\/\/i0.wp.com\/cfcontabil.com\/cf\/wp-content\/uploads\/2016\/03\/E-social-1-1.jpg?fit=660%2C271&ssl=1&resize=350%2C200","width":350,"height":200,"srcset":"https:\/\/i0.wp.com\/cfcontabil.com\/cf\/wp-content\/uploads\/2016\/03\/E-social-1-1.jpg?fit=660%2C271&ssl=1&resize=350%2C200 1x, https:\/\/i0.wp.com\/cfcontabil.com\/cf\/wp-content\/uploads\/2016\/03\/E-social-1-1.jpg?fit=660%2C271&ssl=1&resize=525%2C300 1.5x"},"classes":[]},{"id":684,"url":"https:\/\/cfcontabil.com\/cf\/reta-final-para-enviar-a-rais\/","url_meta":{"origin":954,"position":3},"title":"Reta final para enviar a RAIS","author":"Ab\u00edlio Gon\u00e7alves","date":"17 de mar\u00e7o de 2016","format":false,"excerpt":"N\u00e3o perca tempo! Encerra-se no dia 18 de mar\u00e7o o prazo para envio da RAIS. E\u00a0caso tenha d\u00favidas sobre a declara\u00e7\u00e3o, busque a assist\u00eancia de uma Contabilidade para auxili\u00e1-lo no preenchimento da Rela\u00e7\u00e3o Anual de Informa\u00e7\u00f5es Sociais (RAIS) \u2013 Ano-Base 2015. As declara\u00e7\u00f5es dever\u00e3o ser fornecidas pela internet, mediante utiliza\u00e7\u00e3o\u2026","rel":"","context":"Em &quot;Consultoria Empresarial&quot;","block_context":{"text":"Consultoria Empresarial","link":"https:\/\/cfcontabil.com\/cf\/category\/consultoria\/"},"img":{"alt_text":"","src":"https:\/\/i0.wp.com\/cfcontabil.com\/cf\/wp-content\/uploads\/2016\/03\/rais-2015-1.jpg?fit=358%2C200&ssl=1&resize=350%2C200","width":350,"height":200},"classes":[]},{"id":1057,"url":"https:\/\/cfcontabil.com\/cf\/contribuicao-sindical-dos-trabalhadores-e-descontada-em-marco\/","url_meta":{"origin":954,"position":4},"title":"Contribui\u00e7\u00e3o sindical dos trabalhadores \u00e9 descontada em mar\u00e7o","author":"Ab\u00edlio Gon\u00e7alves","date":"13 de mar\u00e7o de 2017","format":false,"excerpt":"Pagamento \u00e9 obrigat\u00f3rio e equivale a um dia de trabalho do empregado. Mar\u00e7o \u00e9 o m\u00eas da contribui\u00e7\u00e3o sindical dos trabalhadores. Todos os empregados, sindicalizados ou n\u00e3o, s\u00e3o obrigados a contribuir com o equivalente a um dia de trabalho. O desconto \u00e9 feito pela empresa diretamente na folha de pagamento\u2026","rel":"","context":"Em &quot;Departamento Pessoal&quot;","block_context":{"text":"Departamento Pessoal","link":"https:\/\/cfcontabil.com\/cf\/category\/dp\/"},"img":{"alt_text":"","src":"https:\/\/i0.wp.com\/cfcontabil.com\/cf\/wp-content\/uploads\/2017\/03\/contribuicao-sindical-1.png?fit=600%2C336&ssl=1&resize=350%2C200","width":350,"height":200,"srcset":"https:\/\/i0.wp.com\/cfcontabil.com\/cf\/wp-content\/uploads\/2017\/03\/contribuicao-sindical-1.png?fit=600%2C336&ssl=1&resize=350%2C200 1x, https:\/\/i0.wp.com\/cfcontabil.com\/cf\/wp-content\/uploads\/2017\/03\/contribuicao-sindical-1.png?fit=600%2C336&ssl=1&resize=525%2C300 1.5x"},"classes":[]},{"id":1200,"url":"https:\/\/cfcontabil.com\/cf\/ferias\/","url_meta":{"origin":954,"position":5},"title":"F\u00e9rias","author":"Juc\u00e9lia Martins","date":"7 de novembro de 2012","format":false,"excerpt":"Oi pessoal,\u00a0 quem ai j\u00e1 est\u00e1 pensando nas f\u00e9rias do final de ano? O per\u00edodo de f\u00e9rias existe para que as pessoas se recuperem do estresse acumulado no trabalho durante o ano. Vamos falar um pouco sobre esse direito do trabalhador? Neste post trataremos dos seguintes assuntos: 1. Direito a\u2026","rel":"","context":"Em &quot;Departamento Pessoal&quot;","block_context":{"text":"Departamento Pessoal","link":"https:\/\/cfcontabil.com\/cf\/category\/dp\/"},"img":{"alt_text":"Tabela de f\u00e9rias","src":"https:\/\/i0.wp.com\/cfcontabil.com\/cf\/wp-content\/uploads\/2012\/11\/ferias.jpg?resize=350%2C200","width":350,"height":200},"classes":[]}],"jetpack_likes_enabled":true,"_links":{"self":[{"href":"https:\/\/cfcontabil.com\/cf\/wp-json\/wp\/v2\/posts\/954","targetHints":{"allow":["GET"]}}],"collection":[{"href":"https:\/\/cfcontabil.com\/cf\/wp-json\/wp\/v2\/posts"}],"about":[{"href":"https:\/\/cfcontabil.com\/cf\/wp-json\/wp\/v2\/types\/post"}],"author":[{"embeddable":true,"href":"https:\/\/cfcontabil.com\/cf\/wp-json\/wp\/v2\/users\/3"}],"replies":[{"embeddable":true,"href":"https:\/\/cfcontabil.com\/cf\/wp-json\/wp\/v2\/comments?post=954"}],"version-history":[{"count":0,"href":"https:\/\/cfcontabil.com\/cf\/wp-json\/wp\/v2\/posts\/954\/revisions"}],"wp:featuredmedia":[{"embeddable":true,"href":"https:\/\/cfcontabil.com\/cf\/wp-json\/wp\/v2\/media\/695"}],"wp:attachment":[{"href":"https:\/\/cfcontabil.com\/cf\/wp-json\/wp\/v2\/media?parent=954"}],"wp:term":[{"taxonomy":"category","embeddable":true,"href":"https:\/\/cfcontabil.com\/cf\/wp-json\/wp\/v2\/categories?post=954"},{"taxonomy":"post_tag","embeddable":true,"href":"https:\/\/cfcontabil.com\/cf\/wp-json\/wp\/v2\/tags?post=954"}],"curies":[{"name":"wp","href":"https:\/\/api.w.org\/{rel}","templated":true}]}}