{"id":961,"date":"2017-02-18T06:00:11","date_gmt":"2017-02-18T08:00:11","guid":{"rendered":"http:\/\/cfcontabil.com\/cf\/?p=961"},"modified":"2017-02-18T06:00:11","modified_gmt":"2017-02-18T08:00:11","slug":"solicitacao-de-antecipacao-de-analise-da-dirpf-2016-temporariamente-indisponivel","status":"publish","type":"post","link":"https:\/\/cfcontabil.com\/cf\/solicitacao-de-antecipacao-de-analise-da-dirpf-2016-temporariamente-indisponivel\/","title":{"rendered":"Solicita\u00e7\u00e3o de Antecipa\u00e7\u00e3o de An\u00e1lise da DIRPF 2016 temporariamente indispon\u00edvel"},"content":{"rendered":"<p style=\"text-align: justify;\">\u00a0A Receita Federal informa que a &#8220;<strong>Solicita\u00e7\u00e3o de Antecipa\u00e7\u00e3o de An\u00e1lise de DIRPF<\/strong>&#8221; por meio do extrato da DIRPF no e-CAC, relativa \u00e0 DIRPF exerc\u00edcio 2016 ainda n\u00e3o se encontra dispon\u00edvel.<\/p>\n<p style=\"text-align: justify;\">Os contribuintes que, eventualmente, tenham conseguido efetuar o agendamento de &#8220;Solicita\u00e7\u00e3o de Antecipa\u00e7\u00e3o de An\u00e1lise de DIRPF&#8221; por meio do extrato da DIRPF no e-CAC, relativa \u00e0 DIRPF 2016, dever\u00e3o comparecer \u00e0 Unidade de Atendimento no hor\u00e1rio marcado, mesmo que n\u00e3o tenham conseguido emitir o Termo de Atendimento e a Intima\u00e7\u00e3o, com toda a documenta\u00e7\u00e3o comprobat\u00f3ria. Somente nestes casos, as Unidades de Atendimento ir\u00e3o recepcionar a documenta\u00e7\u00e3o.<\/p>\n<p>Quanto aos exerc\u00edcios anteriores a 2016, o agendamento continua dispon\u00edvel.<\/p>\n<p style=\"text-align: justify;\">Fonte: <a href=\"http:\/\/idg.receita.fazenda.gov.br\/sobre\/politica-de-privacidade\/avisos\/2017\/solicitacao-de-antecipacao-de-analise-de-dirpf-2016-temporariamente-indisponivel?utm_content=buffer1f7f9&amp;utm_medium=social&amp;utm_source=facebook.com&amp;utm_campaign=buffer\">RFB<\/a><\/p>\n","protected":false},"excerpt":{"rendered":"<p>\u00a0A Receita Federal informa que a &#8220;Solicita\u00e7\u00e3o de Antecipa\u00e7\u00e3o de An\u00e1lise de DIRPF&#8221; por meio do extrato da DIRPF no e-CAC, relativa \u00e0 DIRPF exerc\u00edcio 2016 ainda n\u00e3o se encontra dispon\u00edvel. Os contribuintes que, eventualmente, tenham conseguido efetuar o agendamento de &#8220;Solicita\u00e7\u00e3o de Antecipa\u00e7\u00e3o de An\u00e1lise de DIRPF&#8221; por meio do extrato da DIRPF no [&hellip;]<\/p>\n","protected":false},"author":3,"featured_media":1494,"comment_status":"open","ping_status":"open","sticky":false,"template":"","format":"standard","meta":{"jetpack_post_was_ever_published":false,"_jetpack_newsletter_access":"","_jetpack_dont_email_post_to_subs":false,"_jetpack_newsletter_tier_id":0,"_jetpack_memberships_contains_paywalled_content":false,"_jetpack_memberships_contains_paid_content":false,"footnotes":"","jetpack_publicize_message":"","jetpack_publicize_feature_enabled":true,"jetpack_social_post_already_shared":true,"jetpack_social_options":{"image_generator_settings":{"template":"highway","default_image_id":0,"font":"","enabled":false},"version":2}},"categories":[22],"tags":[400,225,107,108,115,226,110,111],"class_list":["post-961","post","type-post","status-publish","format-standard","has-post-thumbnail","hentry","category-geral","tag-antecipacao","tag-fina","tag-fisica","tag-imposto","tag-irpf","tag-malha","tag-pessoa","tag-renda"],"jetpack_publicize_connections":[],"jetpack_featured_media_url":"https:\/\/i0.wp.com\/cfcontabil.com\/cf\/wp-content\/uploads\/2017\/02\/irpfrfb-1.jpg?fit=640%2C340&ssl=1","jetpack_sharing_enabled":true,"jetpack_shortlink":"https:\/\/wp.me\/p2wklX-fv","jetpack-related-posts":[{"id":1225,"url":"https:\/\/cfcontabil.com\/cf\/programa-da-dirpf-2017-ja-esta-disponivel-para-download\/","url_meta":{"origin":961,"position":0},"title":"Programa da DIRPF 2017 j\u00e1 est\u00e1 dispon\u00edvel para download","author":"Ab\u00edlio Gon\u00e7alves","date":"23 de fevereiro de 2017","format":false,"excerpt":"Encontra-se dispon\u00edvel para instala\u00e7\u00e3o o programa do Imposto de Renda Pessoa F\u00edsica 2017, para quem quer antecipar os lan\u00e7amentos na sua declara\u00e7\u00e3o. Acesse:\u00a0http:\/\/idg.receita.fazenda.gov.br\/interface\/cidadao\/irpf\/2017\/download Lembre-se: a temporada de entrega das declara\u00e7\u00f5es come\u00e7a somente depois do carnaval, em 2 de mar\u00e7o, e se estende at\u00e9 28 de abril. Os contribuintes que enviarem\u2026","rel":"","context":"Em &quot;Departamento Fiscal&quot;","block_context":{"text":"Departamento Fiscal","link":"https:\/\/cfcontabil.com\/cf\/category\/df\/"},"img":{"alt_text":"","src":"https:\/\/i0.wp.com\/cfcontabil.com\/cf\/wp-content\/uploads\/2017\/02\/irpf2017-1.png?fit=490%2C247&ssl=1&resize=350%2C200","width":350,"height":200},"classes":[]},{"id":1043,"url":"https:\/\/cfcontabil.com\/cf\/receita-abre-na-quarta-feira-83-a-consulta-ao-lote-residual-de-restituicao-multiexercicio-do-irpf-do-mes-de-marco2017\/","url_meta":{"origin":961,"position":1},"title":"Receita abre na quarta-feira (8\/3) a consulta ao lote residual de restitui\u00e7\u00e3o multiexerc\u00edcio do IRPF do m\u00eas de Mar\u00e7o\/2017","author":"Ab\u00edlio Gon\u00e7alves","date":"8 de mar\u00e7o de 2017","format":false,"excerpt":"O cr\u00e9dito banc\u00e1rio para 156.307 contribuintes ser\u00e1 realizado no dia 15 de mar\u00e7o. A partir das 9 horas de quarta-feira, 8 de mar\u00e7o, estar\u00e1 dispon\u00edvel para consulta o lote multiexerc\u00edcio de restitui\u00e7\u00e3o do Imposto sobre a Renda da Pessoa F\u00edsica, contemplando as restitui\u00e7\u00f5es residuais, referentes aos exerc\u00edcios de 2008 a\u2026","rel":"","context":"Em &quot;Departamento Fiscal&quot;","block_context":{"text":"Departamento Fiscal","link":"https:\/\/cfcontabil.com\/cf\/category\/df\/"},"img":{"alt_text":"","src":"https:\/\/i0.wp.com\/cfcontabil.com\/cf\/wp-content\/uploads\/2017\/02\/irpfrfb-1.jpg?fit=640%2C340&ssl=1&resize=350%2C200","width":350,"height":200,"srcset":"https:\/\/i0.wp.com\/cfcontabil.com\/cf\/wp-content\/uploads\/2017\/02\/irpfrfb-1.jpg?fit=640%2C340&ssl=1&resize=350%2C200 1x, https:\/\/i0.wp.com\/cfcontabil.com\/cf\/wp-content\/uploads\/2017\/02\/irpfrfb-1.jpg?fit=640%2C340&ssl=1&resize=525%2C300 1.5x"},"classes":[]},{"id":1406,"url":"https:\/\/cfcontabil.com\/cf\/esocial-codigo-de-acesso-possui-validade-de-03-anos\/","url_meta":{"origin":961,"position":2},"title":"eSocial: C\u00f3digo de Acesso possui validade de 03 anos","author":"Ab\u00edlio Gon\u00e7alves","date":"19 de outubro de 2018","format":false,"excerpt":"Ap\u00f3s 03 anos, o C\u00f3digo gerado expira e o empregador ser\u00e1 convidado a criar um novo Mensagem de erro ap\u00f3s vencimentos do c\u00f3digo de acesso. Ap\u00f3s 03 anos, o C\u00f3digo gerado expira e o empregador ser\u00e1 convidado a criar um novo. Ser\u00e1 necess\u00e1rio informar novamente os n\u00fameros de recibos de\u2026","rel":"","context":"Em &quot;Departamento Pessoal&quot;","block_context":{"text":"Departamento Pessoal","link":"https:\/\/cfcontabil.com\/cf\/category\/dp\/"},"img":{"alt_text":"","src":"https:\/\/i0.wp.com\/cfcontabil.com\/cf\/wp-content\/uploads\/2018\/06\/esocial-domestico-1.jpg?fit=600%2C450&ssl=1&resize=350%2C200","width":350,"height":200,"srcset":"https:\/\/i0.wp.com\/cfcontabil.com\/cf\/wp-content\/uploads\/2018\/06\/esocial-domestico-1.jpg?fit=600%2C450&ssl=1&resize=350%2C200 1x, https:\/\/i0.wp.com\/cfcontabil.com\/cf\/wp-content\/uploads\/2018\/06\/esocial-domestico-1.jpg?fit=600%2C450&ssl=1&resize=525%2C300 1.5x"},"classes":[]},{"id":1053,"url":"https:\/\/cfcontabil.com\/cf\/receita-federal-publica-orientacoes-sobre-a-doacao-de-recursos-para-os-fundos-beneficentes-na-dirpf-2017\/","url_meta":{"origin":961,"position":3},"title":"Receita Federal publica orienta\u00e7\u00f5es sobre a doa\u00e7\u00e3o de recursos para os fundos beneficentes na DIRPF 2017","author":"Ab\u00edlio Gon\u00e7alves","date":"13 de mar\u00e7o de 2017","format":false,"excerpt":"J\u00e1 est\u00e1 dispon\u00edvel um guia para orientar o cidad\u00e3o sobre a doa\u00e7\u00e3o de recursos na Declara\u00e7\u00e3o de Imposto de Renda 2017 e auxiliar na destina\u00e7\u00e3o de valores para os fundos dos Direitos da Crian\u00e7a e do Adolescente, Fundos do Idoso, Fundo Nacional de Cultura, Fundos de Financiamento da Ind\u00fastria Cinematogr\u00e1fica\u2026","rel":"","context":"Em &quot;Departamento Fiscal&quot;","block_context":{"text":"Departamento Fiscal","link":"https:\/\/cfcontabil.com\/cf\/category\/df\/"},"img":{"alt_text":"","src":"https:\/\/i0.wp.com\/cfcontabil.com\/cf\/wp-content\/uploads\/2017\/02\/irpfrfb-1.jpg?fit=640%2C340&ssl=1&resize=350%2C200","width":350,"height":200,"srcset":"https:\/\/i0.wp.com\/cfcontabil.com\/cf\/wp-content\/uploads\/2017\/02\/irpfrfb-1.jpg?fit=640%2C340&ssl=1&resize=350%2C200 1x, https:\/\/i0.wp.com\/cfcontabil.com\/cf\/wp-content\/uploads\/2017\/02\/irpfrfb-1.jpg?fit=640%2C340&ssl=1&resize=525%2C300 1.5x"},"classes":[]},{"id":1214,"url":"https:\/\/cfcontabil.com\/cf\/contribuinte-que-aderiu-ao-rerct-e-retificou-a-dirpf-esta-dispensado-da-multa-de-mora\/","url_meta":{"origin":961,"position":4},"title":"Contribuinte que aderiu ao RERCT e retificou a DIRPF est\u00e1 dispensado da multa de mora","author":"Ab\u00edlio Gon\u00e7alves","date":"20 de fevereiro de 2017","format":false,"excerpt":"A Receita Federal esclarece que adotou provid\u00eancias para cancelar eventuais cobran\u00e7as indevidas da multa de mora neste caso, n\u00e3o havendo necessidade de qualquer manifesta\u00e7\u00e3o do contribuinte O contribuinte que aderiu ao Regime Especial de Regulariza\u00e7\u00e3o Cambial e Tribut\u00e1ria (RERCT) e retificou a sua declara\u00e7\u00e3o do imposto de renda para incluir\u2026","rel":"","context":"Em &quot;Geral&quot;","block_context":{"text":"Geral","link":"https:\/\/cfcontabil.com\/cf\/category\/geral\/"},"img":{"alt_text":"","src":"https:\/\/i0.wp.com\/cfcontabil.com\/cf\/wp-content\/uploads\/2017\/02\/irpfrfb-1.jpg?fit=640%2C340&ssl=1&resize=350%2C200","width":350,"height":200,"srcset":"https:\/\/i0.wp.com\/cfcontabil.com\/cf\/wp-content\/uploads\/2017\/02\/irpfrfb-1.jpg?fit=640%2C340&ssl=1&resize=350%2C200 1x, https:\/\/i0.wp.com\/cfcontabil.com\/cf\/wp-content\/uploads\/2017\/02\/irpfrfb-1.jpg?fit=640%2C340&ssl=1&resize=525%2C300 1.5x"},"classes":[]},{"id":321,"url":"https:\/\/cfcontabil.com\/cf\/imposto-de-renda-pf-2013\/","url_meta":{"origin":961,"position":5},"title":"Imposto de Renda PF 2013","author":"Ab\u00edlio Gon\u00e7alves","date":"20 de fevereiro de 2013","format":false,"excerpt":"Declara\u00e7\u00e3o de Ajuste do Imposto de Renda Pessoa F\u00edsica 2013 Se aproxima o dia da libera\u00e7\u00e3o do programa para elabora\u00e7\u00e3o da DIRPF 2013 (dispon\u00edvel em 25\/02 \u00e1s 8h) e o prazo para a entrega da declara\u00e7\u00e3o do exerc\u00edcio 2013 inicia em 01 de mar\u00e7o e encerra dia 30 de abril.\u2026","rel":"","context":"Em &quot;Geral&quot;","block_context":{"text":"Geral","link":"https:\/\/cfcontabil.com\/cf\/category\/geral\/"},"img":{"alt_text":"imposto de renda","src":"https:\/\/i0.wp.com\/mundoconectado.net\/wp-content\/uploads\/2013\/02\/entrega-do-imposto-de-renda.jpg?resize=350%2C200","width":350,"height":200,"srcset":"https:\/\/i0.wp.com\/mundoconectado.net\/wp-content\/uploads\/2013\/02\/entrega-do-imposto-de-renda.jpg?resize=350%2C200 1x, https:\/\/i0.wp.com\/mundoconectado.net\/wp-content\/uploads\/2013\/02\/entrega-do-imposto-de-renda.jpg?resize=525%2C300 1.5x"},"classes":[]}],"jetpack_likes_enabled":true,"_links":{"self":[{"href":"https:\/\/cfcontabil.com\/cf\/wp-json\/wp\/v2\/posts\/961","targetHints":{"allow":["GET"]}}],"collection":[{"href":"https:\/\/cfcontabil.com\/cf\/wp-json\/wp\/v2\/posts"}],"about":[{"href":"https:\/\/cfcontabil.com\/cf\/wp-json\/wp\/v2\/types\/post"}],"author":[{"embeddable":true,"href":"https:\/\/cfcontabil.com\/cf\/wp-json\/wp\/v2\/users\/3"}],"replies":[{"embeddable":true,"href":"https:\/\/cfcontabil.com\/cf\/wp-json\/wp\/v2\/comments?post=961"}],"version-history":[{"count":0,"href":"https:\/\/cfcontabil.com\/cf\/wp-json\/wp\/v2\/posts\/961\/revisions"}],"wp:featuredmedia":[{"embeddable":true,"href":"https:\/\/cfcontabil.com\/cf\/wp-json\/wp\/v2\/media\/1494"}],"wp:attachment":[{"href":"https:\/\/cfcontabil.com\/cf\/wp-json\/wp\/v2\/media?parent=961"}],"wp:term":[{"taxonomy":"category","embeddable":true,"href":"https:\/\/cfcontabil.com\/cf\/wp-json\/wp\/v2\/categories?post=961"},{"taxonomy":"post_tag","embeddable":true,"href":"https:\/\/cfcontabil.com\/cf\/wp-json\/wp\/v2\/tags?post=961"}],"curies":[{"name":"wp","href":"https:\/\/api.w.org\/{rel}","templated":true}]}}